{"id":122599,"date":"2026-01-01T13:51:06","date_gmt":"2026-01-01T13:51:06","guid":{"rendered":"https:\/\/www.europesays.com\/se\/122599\/"},"modified":"2026-01-01T13:51:06","modified_gmt":"2026-01-01T13:51:06","slug":"01-januari-10-47-trafikolycka-personskada-varnamo-polisen-se","status":"publish","type":"post","link":"https:\/\/www.europesays.com\/se\/122599\/","title":{"rendered":"01 januari 10.47, Trafikolycka, personskada, V\u00e4rnamo &#8211; polisen.se"},"content":{"rendered":"<ol>\n<li><a href=\"https:\/\/news.google.com\/rss\/articles\/CBMipgFBVV95cUxQdzliR3FGY3d0ZXlSc0JCdmtobG0zR29tY2FxTHZVQjgwR0VyaVVjRGMxaGJSaUhHNElsbWZkZ0RJRDhLZUxXdnR2T0E0SnVfdmVxeXk2OHdHSjRXbVF2SFBud2FTZENBZkpzQVV4RUwtVnBHNFJfUFlRQzBCRDh2anMyemZhV3RKRkdSaUk2c3p1WjVwQ3BwWEluems2MFFjTjZNb1ZR?oc=5\" target=\"_blank\" rel=\"nofollow noopener\">01 januari 10.47, Trafikolycka, personskada, V\u00e4rnamo<\/a>&nbsp;&nbsp;polisen.se<\/li>\n<li><a href=\"https:\/\/news.google.com\/rss\/articles\/CBMid0FVX3lxTFBSOF9ub3Qxaml2WEZHMF9Ud0t5Vi1ZaXpQc01CVTlCSUlXRW8weWx3YkNFbERpWUxkSWx2bks4V1JOOFVHVWtJYlVSeUFnU3JtYUxBRWp0dzZ2anE5R3B0VURoSkhiRlFaNFZ6N0ZSLTdVUnB6Vkgw?oc=5\" target=\"_blank\" rel=\"nofollow noopener\">Tv\u00e5 trafikolyckor p\u00e5 E4:an utanf\u00f6r Vaggeryd<\/a>&nbsp;&nbsp;Skillingaryd<\/li>\n<li><a href=\"https:\/\/news.google.com\/rss\/articles\/CBMid0FVX3lxTE9qMU5jNXdLYVN0bEZiMkxKTzBWQmtwallmbU1IUGJFUVBEanMycWVVSF9FMFh0djhzMFVMNGdxM2dvVklFVGF0bVQ2T2JHNEk4bjhvRkRoYjRPS1FLV0p1SDg4U3pyNDdSXzJYdmpzWGN4OWVnRDNn?oc=5\" target=\"_blank\" rel=\"nofollow noopener\">Personbil voltade av v\u00e4gen \u2013 f\u00f6raren skadad<\/a>&nbsp;&nbsp;V\u00e4rnamo Nyheter<\/li>\n<li><a href=\"https:\/\/news.google.com\/rss\/articles\/CBMif0FVX3lxTFBoMWhTUWJIUmhvelpSVnZ1MjdoekRzYXZCc2dfR3dBb2JGQ2NlV0tJNU44NVJ5WXdyUzFXX1RqUjF1SmJCeE42Qm55b1owS1ZJRVU3b29zdkNHcEJXMEI0ckRGREhzQVJTejFCQi1nTk1oeGp1YzA1WVBFaFRheWc?oc=5\" target=\"_blank\" rel=\"nofollow noopener\">Trafikolycka Rydaholm \u2013 personbil voltade<\/a>&nbsp;&nbsp;Hem &#8211; V\u00e4rnamo<\/li>\n<li><a href=\"https:\/\/news.google.com\/rss\/articles\/CBMiqgFBVV95cUxPNkxPZWpqenJhVXhOcWdsM19iTGVPZndlR0NkYkMySVRuTkhDWjNmYnBxTXRjVEF0eVdvb0ZUUWlOSWxCMF8zM2VYUFcxQXFrcFJET1hsdjM5TU0xTmZOeDhjTHBhNTlna0lhSmd1MlprUmd4dDVzVlkyOVl0LUpwVGQ3Nkh4SXd5dGVaZmduVXhNT3REZy1JS2FqNlhwTTUxNjhteUtxVmpXdw?oc=5\" target=\"_blank\" rel=\"nofollow noopener\">Fordon har k\u00f6rt in i viltst\u00e4ngsel<\/a>&nbsp;&nbsp;Brottsplatskartan.se<\/li>\n<\/ol>\n","protected":false},"excerpt":{"rendered":"01 januari 10.47, Trafikolycka, personskada, V\u00e4rnamo&nbsp;&nbsp;polisen.se Tv\u00e5 trafikolyckor p\u00e5 E4:an utanf\u00f6r Vaggeryd&nbsp;&nbsp;Skillingaryd Personbil voltade av v\u00e4gen \u2013 f\u00f6raren&hellip;\n","protected":false},"author":2,"featured_media":54,"comment_status":"","ping_status":"","sticky":false,"template":"","format":"standard","meta":{"footnotes":""},"categories":[12],"tags":[22,23,26,27,17,21,24,25,28,29,15,16,18,34,31,33,32,30,19,20],"class_list":{"0":"post-122599","1":"post","2":"type-post","3":"status-publish","4":"format-standard","5":"has-post-thumbnail","7":"category-sverige","8":"tag-breaking-news","9":"tag-breakingnews","10":"tag-featured-news","11":"tag-featurednews","12":"tag-headlines","13":"tag-huvudnyheter","14":"tag-latest-news","15":"tag-latestnews","16":"tag-main-news","17":"tag-mainnews","18":"tag-news","19":"tag-nyheter","20":"tag-rubriker","21":"tag-se","22":"tag-svenska","23":"tag-sverige","24":"tag-sweden","25":"tag-swedish","26":"tag-top-stories","27":"tag-topstories"},"share_on_mastodon":{"url":"","error":""},"_links":{"self":[{"href":"https:\/\/www.europesays.com\/se\/wp-json\/wp\/v2\/posts\/122599","targetHints":{"allow":["GET"]}}],"collection":[{"href":"https:\/\/www.europesays.com\/se\/wp-json\/wp\/v2\/posts"}],"about":[{"href":"https:\/\/www.europesays.com\/se\/wp-json\/wp\/v2\/types\/post"}],"author":[{"embeddable":true,"href":"https:\/\/www.europesays.com\/se\/wp-json\/wp\/v2\/users\/2"}],"replies":[{"embeddable":true,"href":"https:\/\/www.europesays.com\/se\/wp-json\/wp\/v2\/comments?post=122599"}],"version-history":[{"count":0,"href":"https:\/\/www.europesays.com\/se\/wp-json\/wp\/v2\/posts\/122599\/revisions"}],"wp:featuredmedia":[{"embeddable":true,"href":"https:\/\/www.europesays.com\/se\/wp-json\/wp\/v2\/media\/54"}],"wp:attachment":[{"href":"https:\/\/www.europesays.com\/se\/wp-json\/wp\/v2\/media?parent=122599"}],"wp:term":[{"taxonomy":"category","embeddable":true,"href":"https:\/\/www.europesays.com\/se\/wp-json\/wp\/v2\/categories?post=122599"},{"taxonomy":"post_tag","embeddable":true,"href":"https:\/\/www.europesays.com\/se\/wp-json\/wp\/v2\/tags?post=122599"}],"curies":[{"name":"wp","href":"https:\/\/api.w.org\/{rel}","templated":true}]}}