{"id":122600,"date":"2026-01-01T13:52:17","date_gmt":"2026-01-01T13:52:17","guid":{"rendered":"https:\/\/www.europesays.com\/se\/122600\/"},"modified":"2026-01-01T13:52:17","modified_gmt":"2026-01-01T13:52:17","slug":"stormen-anna-drar-in-uppmaningen-stanna-inne","status":"publish","type":"post","link":"https:\/\/www.europesays.com\/se\/122600\/","title":{"rendered":"Stormen Anna drar in \u2013 uppmaningen: \u201dStanna inne\u201d"},"content":{"rendered":"<p><a data-test-tag=\"internal-link\" href=\"https:\/\/www.aftonbladet.se\/av\/petter-j-larsson\" class=\"hyperion-css-13ns1rr\" rel=\"nofollow noopener\" target=\"\" aria-label=\"Se alla artiklar av Petter J Larsson\"><img decoding=\"async\" class=\"image-asset hyperion-css-n6kkq1\" data-test-tag=\"image-asset\" src=\"https:\/\/www.europesays.com\/se\/wp-content\/uploads\/2026\/01\/f6452e22-0691-44ff-a712-455c2d79c90e.png\"  alt=\"\"  loading=\"lazy\" fetchpriority=\"auto\" style=\"aspect-ratio:1900 \/ 1900\"\/><\/a>share-arrowDela<\/p>\n<p>unsaveSpara<\/p>\n<p>expand-left<\/p>\n<p>helsk\u00e4rm<img decoding=\"async\" class=\"image-asset hyperion-css-u06ts1\" data-test-tag=\"image-asset\" src=\"https:\/\/www.europesays.com\/se\/wp-content\/uploads\/2026\/01\/d2ce206e-2902-4ac9-a8c6-827c68af8eea.jpeg\"  alt=\"\"  loading=\"eager\" fetchpriority=\"high\" style=\"aspect-ratio:1373 \/ 772\"\/> Foto: Smhi<\/p>\n<p class=\"hyperion-css-1shl3oz\" data-test-tag=\"lead-text\">Stormen Anna drar in, med extrema sn\u00f6m\u00e4ngder och starka vindar.<\/p>\n<p class=\"hyperion-css-1shl3oz\" data-test-tag=\"lead-text\">Det kan komma mer \u00e4n en halvmeter sn\u00f6 p\u00e5 flera h\u00e5ll.<\/p>\n<p class=\"hyperion-css-1shl3oz\" data-test-tag=\"lead-text\">\u2013 Det kan forts\u00e4tta komma in, n\u00e4stan lite som en sn\u00f6kanon, s\u00e4ger Hilda Westberg, meteorolog p\u00e5 SMHI.<\/p>\n<p class=\"hyperion-css-1v9qo5x\">Det nya \u00e5ret b\u00f6rjar med kraftigt sn\u00f6fall och v\u00e4dervarningar p\u00e5 flera h\u00e5ll i Sverige. I ett omr\u00e5de i <a data-test-tag=\"internal-link\" href=\"https:\/\/www.aftonbladet.se\/tagg\/gavleborgs-lan\" class=\"hyperion-css-15jkft9\" rel=\"nofollow noopener\" target=\"\" aria-label=\"G\u00e4vleborgs l\u00e4n\">G\u00e4vleborgs l\u00e4n<\/a>, strax innanf\u00f6r kusten, har <a data-test-tag=\"internal-link\" href=\"https:\/\/www.aftonbladet.se\/tagg\/smhi\" class=\"hyperion-css-15jkft9\" rel=\"nofollow noopener\" target=\"\" aria-label=\"SMHI\">SMHI<\/a> g\u00e5tt ut med en r\u00f6d varning.<\/p>\n<p class=\"hyperion-css-1v9qo5x\">V\u00e4dermyndigheten varnar f\u00f6r extremt stora sn\u00f6m\u00e4ngder samtidigt som det blir bl\u00e5sigt med kraftig drivbildning \u2013 som kan leda till att v\u00e4garna blir helt oframkomliga.<\/p>\n<p class=\"hyperion-css-1v9qo5x\">I omr\u00e5det med en r\u00f6d v\u00e4dervarning avr\u00e5der SMHI fr\u00e5n att ge sig ut i trafiken.<\/p>\n<p class=\"hyperion-css-1v9qo5x\">\u201dF\u00f6rbered dig p\u00e5 l\u00e4ngre och omfattande elavbrott och st\u00f6rningar i eln\u00e4t om du bor i ett omr\u00e5de med luftburna ledningar,\u201d skriver SMHI.<\/p>\n<p class=\"hyperion-css-1v9qo5x\">\u201dG\u00e5 inte n\u00e4ra nedfallna elledningar.\u201d<\/p>\n<p class=\"hyperion-css-1v9qo5x\">\u2013 Det blir sn\u00f6fall och vind, s\u00e4ger Hilda Westberg, meteorolog p\u00e5 SMHI.<\/p>\n<p class=\"hyperion-css-1v9qo5x\">\u2013 Det ser ut som att det kan komma uppemot en halvmeter sn\u00f6, eller lokalt \u00e4nnu mer.<\/p>\n<p>expand-left<\/p>\n<p>helsk\u00e4rm<img decoding=\"async\" class=\"image-asset hyperion-css-u06ts1\" data-test-tag=\"image-asset\" src=\"https:\/\/www.europesays.com\/se\/wp-content\/uploads\/2026\/01\/87e7ed55-c3e1-48d5-aebc-cb8df63949da.jpeg\"  alt=\"\"  loading=\"eager\" fetchpriority=\"high\" style=\"aspect-ratio:1900 \/ 1355\"\/> Foto: Sam Hedman \/ TTSom en sn\u00f6kanon<\/p>\n<p class=\"hyperion-css-1v9qo5x\">N\u00e4r stormen drar \u00f6ver havet s\u00e5 tas fukt upp i luften. N\u00e4r det sedan drar in \u00f6ver land fryser vattnet och blir sn\u00f6. Hilda Westberg j\u00e4mf\u00f6r det med en sn\u00f6kanon.<\/p>\n<p class=\"hyperion-css-1v9qo5x\">\u2013 Och lite beroende p\u00e5 hur det bl\u00e5ser s\u00e5 beh\u00f6ver inte all sn\u00f6 hamna \u00f6ver kusten, utan den kan \u00e4ven n\u00e5 lite l\u00e4ngre \u00f6ver land.<\/p>\n<p class=\"hyperion-css-1v9qo5x\"><strong>Vad g\u00e4ller om man befinner sig inom det r\u00f6da omr\u00e5det?<\/strong><\/p>\n<p class=\"hyperion-css-1v9qo5x\">\u2013 Stanna inne. Ge dig inte ut om du verkligen inte m\u00e5ste, f\u00f6r tr\u00e4d faller l\u00e4ttare och risken \u00e4r mycket h\u00f6g att man blir stillast\u00e5ende. Och det kan ta l\u00e4ngre tid f\u00f6r olika samh\u00e4llsfunktioner, som bl\u00e5ljus och liknande, att komma fram.<\/p>\n<p>expand-left<\/p>\n<p>helsk\u00e4rm<img decoding=\"async\" class=\"image-asset hyperion-css-u06ts1\" data-test-tag=\"image-asset\" src=\"https:\/\/www.europesays.com\/se\/wp-content\/uploads\/2026\/01\/4415d205-46f0-476d-823a-d007a55c8d27.jpeg\"  alt=\"\"  loading=\"eager\" fetchpriority=\"high\" style=\"aspect-ratio:1900 \/ 1256\"\/> Foto: Johan Nilsson\/TTOrange varning<\/p>\n<p class=\"hyperion-css-1v9qo5x\">Omr\u00e5det med r\u00f6d v\u00e4dervarning omges av ett omr\u00e5de med orange varning. Den g\u00e4ller i stora delar av G\u00e4vleborgs l\u00e4n, s\u00f6dra <a data-test-tag=\"internal-link\" href=\"https:\/\/www.aftonbladet.se\/tagg\/gastrikland\" class=\"hyperion-css-15jkft9\" rel=\"nofollow noopener\" target=\"\" aria-label=\"G\u00e4strikland\">G\u00e4strikland<\/a> och norra <a data-test-tag=\"internal-link\" href=\"https:\/\/www.aftonbladet.se\/tagg\/uppland\" class=\"hyperion-css-15jkft9\" rel=\"nofollow noopener\" target=\"\" aria-label=\"Uppland\">Uppland<\/a>. \u00c4ven d\u00e4r uppmanas man h\u00e5lla sig hemma.<\/p>\n<p class=\"hyperion-css-1v9qo5x\">\u2013 Det \u00e4r sn\u00f6r\u00f6k, d\u00e5lig sikt och drivbildning eftersom du \u00e4ven har denna vind, s\u00e4ger Hilda Westberg.<\/p>\n<p class=\"hyperion-css-1v9qo5x\">\u2013 De gula varningarna f\u00e5r ocks\u00e5 konsekvenser. Avs\u00e4tt l\u00e4ngre tid, ha t\u00e5lamod, h\u00e5ll avst\u00e5nd och anpassa hastigheten efter v\u00e4glaget.<\/p>\n<p class=\"hyperion-css-1v9qo5x\">P\u00e5 ny\u00e5rsdagens morgon uppdaterade SMHI de ber\u00f6rda omr\u00e5dena.<\/p>\n<p class=\"hyperion-css-1v9qo5x\">\u2013 Norra <a data-test-tag=\"internal-link\" href=\"https:\/\/www.aftonbladet.se\/tagg\/vasternorrlands-lan\" class=\"hyperion-css-15jkft9\" rel=\"nofollow noopener\" target=\"\" aria-label=\"V\u00e4sternorrlands l\u00e4n\">V\u00e4sternorrlands l\u00e4n<\/a>, uppe vid \u00d6rnsk\u00f6ldsvik och s\u00e5, lades till i morse n\u00e4r vi s\u00e5g att det sn\u00f6ade mer d\u00e4r \u00e4n vad som prognosen sa i g\u00e5r, s\u00e4ger Hilda Westberg.<\/p>\n<p>expand-left<\/p>\n<p>helsk\u00e4rm<img decoding=\"async\" class=\"image-asset hyperion-css-u06ts1\" data-test-tag=\"image-asset\" src=\"https:\/\/www.europesays.com\/se\/wp-content\/uploads\/2026\/01\/ec2db3dd-c39f-4db5-a29b-92597506ab79.jpeg\"  alt=\"\"  loading=\"eager\" fetchpriority=\"high\" style=\"aspect-ratio:1900 \/ 1267\"\/> Foto: Johan Nilsson\/TT\u201dAvvakta till s\u00f6ndag\u201d<\/p>\n<p class=\"hyperion-css-1v9qo5x\">Anna hade \u00e4ven visat sig ligga lite l\u00e4ngre s\u00f6derut \u00e4n vad de tidigare prognoserna visat.<\/p>\n<p class=\"hyperion-css-1v9qo5x\">\u2013 Under morgonen s\u00e5 klippte de till exempel bort <a data-test-tag=\"internal-link\" href=\"https:\/\/www.aftonbladet.se\/tagg\/medelpad\" class=\"hyperion-css-15jkft9\" rel=\"nofollow noopener\" target=\"\" aria-label=\"Medelpad\">Medelpad<\/a> och V\u00e4sternorrlands l\u00e4n, s\u00e5 att de inte l\u00e4ngre har n\u00e5gon orange varning utan den \u00e4r gul, s\u00e4ger Hilda Westberg.<\/p>\n<p class=\"hyperion-css-1v9qo5x\">\u2013 S\u00e5 de st\u00f6rre m\u00e4ngderna inte l\u00e4gger sig i Sundsvall utan lite l\u00e4ngre s\u00f6derut.<\/p>\n<p class=\"hyperion-css-1v9qo5x\"><strong>Hur l\u00e4nge ber\u00e4knas dessa varningar ligga kvar?<\/strong><\/p>\n<p class=\"hyperion-css-1v9qo5x\">\u2013 Vi kommer ligga p\u00e5 med dessa tidvis kraftiga sn\u00f6byar b\u00e5de i dag och i morgon. S\u00e5 avvakta med att ut och resa eller \u00e5ka, till p\u00e5 s\u00f6ndag n\u00e5gon g\u00e5ng, f\u00f6r det \u00e4r d\u00e5 det b\u00f6rjar avta, s\u00e4ger Hilda Westberg. <\/p>\n<p class=\"hyperion-css-1v9qo5x\">\u2013 Anna har lite halvt parkerat sig. Den ligger och snurrar h\u00e4r, och r\u00f6r sig v\u00e4ldigt l\u00e5ngsamt \u00f6sterut.<\/p>\n","protected":false},"excerpt":{"rendered":"share-arrowDela unsaveSpara expand-left helsk\u00e4rm Foto: Smhi Stormen Anna drar in, med extrema sn\u00f6m\u00e4ngder och starka vindar. Det kan&hellip;\n","protected":false},"author":2,"featured_media":122601,"comment_status":"","ping_status":"","sticky":false,"template":"","format":"standard","meta":{"footnotes":""},"categories":[5],"tags":[22,23,26,27,17,21,24,25,28,29,15,16,18,34,31,33,32,30,19,20],"class_list":{"0":"post-122600","1":"post","2":"type-post","3":"status-publish","4":"format-standard","5":"has-post-thumbnail","7":"category-rubriker","8":"tag-breaking-news","9":"tag-breakingnews","10":"tag-featured-news","11":"tag-featurednews","12":"tag-headlines","13":"tag-huvudnyheter","14":"tag-latest-news","15":"tag-latestnews","16":"tag-main-news","17":"tag-mainnews","18":"tag-news","19":"tag-nyheter","20":"tag-rubriker","21":"tag-se","22":"tag-svenska","23":"tag-sverige","24":"tag-sweden","25":"tag-swedish","26":"tag-top-stories","27":"tag-topstories"},"share_on_mastodon":{"url":"https:\/\/pubeurope.com\/@se\/115820176572555069","error":""},"_links":{"self":[{"href":"https:\/\/www.europesays.com\/se\/wp-json\/wp\/v2\/posts\/122600","targetHints":{"allow":["GET"]}}],"collection":[{"href":"https:\/\/www.europesays.com\/se\/wp-json\/wp\/v2\/posts"}],"about":[{"href":"https:\/\/www.europesays.com\/se\/wp-json\/wp\/v2\/types\/post"}],"author":[{"embeddable":true,"href":"https:\/\/www.europesays.com\/se\/wp-json\/wp\/v2\/users\/2"}],"replies":[{"embeddable":true,"href":"https:\/\/www.europesays.com\/se\/wp-json\/wp\/v2\/comments?post=122600"}],"version-history":[{"count":0,"href":"https:\/\/www.europesays.com\/se\/wp-json\/wp\/v2\/posts\/122600\/revisions"}],"wp:featuredmedia":[{"embeddable":true,"href":"https:\/\/www.europesays.com\/se\/wp-json\/wp\/v2\/media\/122601"}],"wp:attachment":[{"href":"https:\/\/www.europesays.com\/se\/wp-json\/wp\/v2\/media?parent=122600"}],"wp:term":[{"taxonomy":"category","embeddable":true,"href":"https:\/\/www.europesays.com\/se\/wp-json\/wp\/v2\/categories?post=122600"},{"taxonomy":"post_tag","embeddable":true,"href":"https:\/\/www.europesays.com\/se\/wp-json\/wp\/v2\/tags?post=122600"}],"curies":[{"name":"wp","href":"https:\/\/api.w.org\/{rel}","templated":true}]}}