{"id":122604,"date":"2026-01-01T14:01:07","date_gmt":"2026-01-01T14:01:07","guid":{"rendered":"https:\/\/www.europesays.com\/se\/122604\/"},"modified":"2026-01-01T14:01:07","modified_gmt":"2026-01-01T14:01:07","slug":"pavens-budskap-pa-varldsdagen-for-fred-2026","status":"publish","type":"post","link":"https:\/\/www.europesays.com\/se\/122604\/","title":{"rendered":"P\u00e5vens budskap p\u00e5 V\u00e4rldsdagen f\u00f6r fred 2026"},"content":{"rendered":"<p>I sitt budskap f\u00f6r V\u00e4rldsdagen f\u00f6r fred 2026 uppmanar p\u00e5ven Leo XIV till fred och nedrustning i v\u00e4rlden<\/p>\n<p><b>Vatican News<\/b><\/p>\n<p>      <a href=\"https:\/\/www.vaticannews.va\/sv\/paven\/news\/2025-08\/pavens-tema-for-varldsfredsdagen-2026-frid-vare-med-er-alla.html\" title=\"P\u00e5vens tema f\u00f6r V\u00e4rldsfredsdagen 2026: \u201cFrid vare med er alla\u201d\" rel=\"nofollow noopener\" target=\"_blank\"><\/p>\n<p>         <img decoding=\"async\" src=\"data:image\/gif;base64,R0lGODlhAQABAIAAAAAAAP\/\/\/yH5BAEAAAAALAAAAAABAAEAAAIBRAA7\" data-original=\"https:\/\/www.vaticannews.va\/content\/dam\/vaticannews\/agenzie\/images\/srv\/2025\/08\/13\/2025-08-13-udienza-generale\/1755075090093.JPG\/_jcr_content\/renditions\/cq5dam.thumbnail.cropped.500.281.jpeg\" alt=\"P\u00e5vens tema f\u00f6r V\u00e4rldsfredsdagen 2026: \u201cFrid vare med er alla\u201d\"\/><\/p>\n<p>       <\/a><\/p>\n<p>\n       P\u00e5ve Leo XIV presenterar temat f\u00f6r 2026 \u00e5rs V\u00e4rldsfredsdag \u2013 \u201cFrid vare med er alla: mot en \u2019avv\u00e4pnad och avv\u00e4pnande\u2019 fred\u201d \u2013 samtidigt som Vatikanens bokf\u00f6rlag ger ut en ny bok &#8230;\n      <\/p>\n<p>L\u00e4s h\u00e4r nedan en sammanfattning av <a href=\"https:\/\/www.vatican.va\/content\/francesco\/en\/messages\/peace\/documents\/20241208-messaggio-58giornatamondiale-pace2025.html\" rel=\"external nofollow noopener\" target=\"_blank\">p\u00e5ve Leo XIV:s fredsbudskap 2026<\/a>:<\/p>\n<p><b>Fred genom hj\u00e4rtats omv\u00e4ndelse och nedrustning<\/b><\/p>\n<p>I sitt allra f\u00f6rsta budskap p\u00e5 V\u00e4rldsb\u00f6ndagen f\u00f6r fred den 1 januari 2026 lyfter Leo XIV fram ett par viktiga aspekter f\u00f6r att v\u00e4rldsfred ska kunna r\u00e5da: Att varje person omv\u00e4nder sig till Gud, kristna krokar arm f\u00f6r att bli fredsbyggare och l\u00e4nderna nedrustar. F\u00f6r det f\u00f6rsta anser p\u00e5ve Leo XIV att den fred som den uppst\u00e5ndne Jesus erbjuder m\u00e4nskligheten \u00e4r den sanna, d\u00e4rf\u00f6r att den \u00e4r fridfull, uppriktig och r\u00e4ttvis. Kristi fred \u00e4r byggd p\u00e5 omsorg om allas b\u00e4sta och uppn\u00e5s genom autentiska dialoger, tillit till varandra, f\u00f6rhandlingar och genom icke-v\u00e5ld: \u201dDen uppst\u00e5ndne Jesu frid \u00e4r obev\u00e4pnad, eftersom hans var en obev\u00e4pnad kamp mitt i konkreta historiska, politiska och sociala omst\u00e4ndigheter\u201d. F\u00f6r det andra, \u00e4r p\u00e5ven oroad \u00f6ver att det har blivit allt vanligare att dra in trons spr\u00e5k i politiska strider, att v\u00e4lsigna nationalism och att r\u00e4ttf\u00e4rdiga v\u00e5ld samt v\u00e4pnad kamp i religionens namn. D\u00e4rf\u00f6r uppmanar p\u00e5ven de troende att \u201daktivt ta avst\u00e5nd fr\u00e5n dessa former av h\u00e4delse som vanhelgar Guds heliga namn, framf\u00f6r allt genom vittnesb\u00f6rdet i sina liv.\u201d F\u00f6r att fr\u00e4mja Kristi fredsbudskap, anser p\u00e5ven, beh\u00f6ver kristna tillsammans b\u00e4ra profetiskt vittnesb\u00f6rd om detta budskap, med tanke p\u00e5 de tragedier som de alltf\u00f6r ofta varit medskyldiga till. \u201dD\u00e4rf\u00f6r \u00e4r det, vid sidan av handling, viktigare \u00e4n n\u00e5gonsin att odla b\u00f6n, andlighet och ekumenisk och interreligi\u00f6s dialog som v\u00e4gar till fred och som m\u00f6tesspr\u00e5k inom traditioner och kulturer.\u201d F\u00f6r det tredje, lyfter p\u00e5ve Leo XIV fram att globala milit\u00e4ra anslag har \u00f6kat de senaste tio \u00e5ren och har n\u00e5tt den svindlande summan av att cirka 27 000 miljarder kronor \u00e5rligen spenderas &#8211; medel som beh\u00f6vs f\u00f6r att b\u00e5de fr\u00e4mja fredliga m\u00e4nniskor och samh\u00e4llen samt f\u00f6r utveckling bland jordens beh\u00f6vande folk. P\u00e5ven s\u00e4tter sig emot att politiker ingjuter r\u00e4dsla i sina medborgare om mer eller mindre f\u00f6rest\u00e4llda fiender, varigenom r\u00e4ttf\u00e4rdigar \u00f6kade milit\u00e4ra anslag. P\u00e5ven anser att det b\u00e4sta s\u00e4ttet att uppn\u00e5 fred \u00e4r att vi alla tar till oss &#8221;insikten om att sann och varaktig fred mellan nationer inte kan best\u00e5 i innehavet av ett lika stort utbud av vapen utan endast i \u00f6msesidigt f\u00f6rtroende.&#8221;<\/p>\n<p>Charles C\u00e2mara<\/p>\n<p><a href=\"https:\/\/www.katolskakyrkan.se\/aktuellt\/stiftsnyheter\/2025\/pavens-budskap-pa-varldsdagen-for-fred-2026\" rel=\"external nofollow noopener\" target=\"_blank\">Stockholms katolska stift<\/a><\/p>\n","protected":false},"excerpt":{"rendered":"I sitt budskap f\u00f6r V\u00e4rldsdagen f\u00f6r fred 2026 uppmanar p\u00e5ven Leo XIV till fred och nedrustning i v\u00e4rlden&hellip;\n","protected":false},"author":2,"featured_media":122605,"comment_status":"","ping_status":"","sticky":false,"template":"","format":"standard","meta":{"footnotes":""},"categories":[14],"tags":[22,23,26,27,17,21,24,25,28,29,15,16,18,34,31,33,32,30,19,20,51,52,53,54],"class_list":{"0":"post-122604","1":"post","2":"type-post","3":"status-publish","4":"format-standard","5":"has-post-thumbnail","7":"category-varlden","8":"tag-breaking-news","9":"tag-breakingnews","10":"tag-featured-news","11":"tag-featurednews","12":"tag-headlines","13":"tag-huvudnyheter","14":"tag-latest-news","15":"tag-latestnews","16":"tag-main-news","17":"tag-mainnews","18":"tag-news","19":"tag-nyheter","20":"tag-rubriker","21":"tag-se","22":"tag-svenska","23":"tag-sverige","24":"tag-sweden","25":"tag-swedish","26":"tag-top-stories","27":"tag-topstories","28":"tag-varlden","29":"tag-world","30":"tag-world-news","31":"tag-worldnews"},"share_on_mastodon":{"url":"https:\/\/pubeurope.com\/@se\/115820212290637123","error":""},"_links":{"self":[{"href":"https:\/\/www.europesays.com\/se\/wp-json\/wp\/v2\/posts\/122604","targetHints":{"allow":["GET"]}}],"collection":[{"href":"https:\/\/www.europesays.com\/se\/wp-json\/wp\/v2\/posts"}],"about":[{"href":"https:\/\/www.europesays.com\/se\/wp-json\/wp\/v2\/types\/post"}],"author":[{"embeddable":true,"href":"https:\/\/www.europesays.com\/se\/wp-json\/wp\/v2\/users\/2"}],"replies":[{"embeddable":true,"href":"https:\/\/www.europesays.com\/se\/wp-json\/wp\/v2\/comments?post=122604"}],"version-history":[{"count":0,"href":"https:\/\/www.europesays.com\/se\/wp-json\/wp\/v2\/posts\/122604\/revisions"}],"wp:featuredmedia":[{"embeddable":true,"href":"https:\/\/www.europesays.com\/se\/wp-json\/wp\/v2\/media\/122605"}],"wp:attachment":[{"href":"https:\/\/www.europesays.com\/se\/wp-json\/wp\/v2\/media?parent=122604"}],"wp:term":[{"taxonomy":"category","embeddable":true,"href":"https:\/\/www.europesays.com\/se\/wp-json\/wp\/v2\/categories?post=122604"},{"taxonomy":"post_tag","embeddable":true,"href":"https:\/\/www.europesays.com\/se\/wp-json\/wp\/v2\/tags?post=122604"}],"curies":[{"name":"wp","href":"https:\/\/api.w.org\/{rel}","templated":true}]}}