{"id":122608,"date":"2026-01-01T14:03:26","date_gmt":"2026-01-01T14:03:26","guid":{"rendered":"https:\/\/www.europesays.com\/se\/122608\/"},"modified":"2026-01-01T14:03:26","modified_gmt":"2026-01-01T14:03:26","slug":"ledare-tilltron-i-stort-sett-raserats","status":"publish","type":"post","link":"https:\/\/www.europesays.com\/se\/122608\/","title":{"rendered":"LEDARE: Tilltron i stort sett raserats"},"content":{"rendered":"<p>                    <a data-lightbox=\"post-96885\" href=\"https:\/\/www.jaktojagare.se\/wp-content\/uploads\/2025\/12\/solveig.jpg\" data-title=\"&lt;br\/&gt;JRF forts\u00e4tter med gl\u00e4dje arbetet att f\u00f6renkla jakten f\u00f6r j\u00e4garna, skriver f\u00f6rbundsordf\u00f6rande Solveig Larsson.\" rel=\"nofollow noopener\" target=\"_blank\"><br \/>\n                        <img width=\"1280\" height=\"720\" src=\"https:\/\/www.europesays.com\/se\/wp-content\/uploads\/2026\/01\/solveig-1280x720.jpg\" class=\"attachment-large size-large\" alt=\"\" decoding=\"async\" fetchpriority=\"high\"   itemprop=\"image\"\/>                    <\/a><\/p>\n<p>                        JRF forts\u00e4tter med gl\u00e4dje arbetet att f\u00f6renkla jakten f\u00f6r j\u00e4garna, skriver f\u00f6rbundsordf\u00f6rande Solveig Larsson.\n                    <\/p>\n<p>Publicerad 2026-01-01 07:00<\/p>\n<p>Nytt byr\u00e5kratiskt misslyckade raserar tilltron till vargf\u00f6rvaltningen. Regeringen vill att vargstammen minskar till 270 individer i samband med licensjakten. Men med f\u00f6rst f\u00f6r l\u00e5g tilldelning och sedan totalstopp i domstol kommer det inte att ske, skriver JRF:s ordf\u00f6rande.<\/p>\n<p>Tyv\u00e4rr b\u00f6rjar nu inte 2026 med licensjakt p\u00e5 varg och \u00e4nnu ett nytt byr\u00e5kratiskt hinder l\u00e4ggs till listan \u00f6ver myndigheternas misslyckanden i vargf\u00f6rvaltningen.<\/p>\n<p>Nu finner domstolen att EU-tj\u00e4nstem\u00e4nnens fr\u00e5gor om referensv\u00e4rde p\u00e5 170 som ska n\u00e5s om ett antal \u00e5r, \u201dtrumfar\u201d regionalt fattade beslut som i b\u00e4sta fall hade f\u00e5tt antalet vargar strax under 300 individer. Det \u00e4r sv\u00e5rt att begripa att EU:s fr\u00e5ga kan f\u00e5 s\u00e5 stor betydelse f\u00f6r domstol, samtidigt som EU s\u00e4nkt skyddsbehov f\u00f6r varg eftersom man till slut insett att vargarnas kraftiga tillv\u00e4xt orsakar f\u00f6r stora problem f\u00f6r de som lever med varg inp\u00e5 knutarna. Licensjakt p\u00e5 varg \u00e4r redskap f\u00f6r att minska problem och uppn\u00e5 tilltro i vargf\u00f6rvaltningen, en tilltro som nu i stort sett raserats.<\/p>\n<p>Passiva l\u00e4nsstyrelser<\/p>\n<p>Besluten \u00e4r \u00f6verklagade och ska pr\u00f6vas i f\u00f6rtur, men l\u00e4nsstyrelserna kunde ocks\u00e5 fattat nya beslut om licensjakt p\u00e5 varg. Regeringen gav l\u00e4nsstyrelserna den r\u00e4tten tidigare under 2025. Uppenbart nyttjas inte alla redskap i myndighets verktygsl\u00e5dan.<\/p>\n<p>Nu \u00e4r det n\u00e4stan bortgl\u00f6mt, men den h\u00e4r g\u00e5ngen b\u00f6rjade hinderresan med l\u00e4nsstyrelsernas beslut som var orimligt r\u00e4ttsos\u00e4kra, n\u00e5got som JRF omg\u00e5ende lyfte. Efter n\u00e5gon vecka hade \u00e4ven l\u00e4nsstyrelserna insett att gps:er och hundhalsband inte kan leverera 100 procent uppkoppling.<\/p>\n<p>Of\u00f6rm\u00e5ga att skapa tillit<\/p>\n<p>Motivet till att \u00f6verbelasta r\u00e4ttsv\u00e4sendet under 2026 \u00e5rs vargjakt var att anonyma j\u00e4gare hade informerat l\u00e4nsstyrelsen om bilk\u00f6rning under tidigare vargjakt. Fr\u00e5gan \u00e4r varf\u00f6r det inte omg\u00e5ende \u00f6verl\u00e4mnades till polisen som \u00e4r den myndighet som ska ha \u00e4rendet. Olaglig jakt ska lagf\u00f6ras d\u00e5 j\u00e4gark\u00e5ren \u00e4r mycket laglydig.<\/p>\n<p>Att i st\u00e4llet f\u00f6resl\u00e5 bestraffning av hela kollektivet vargj\u00e4gare visar p\u00e5 en fundamental of\u00f6rm\u00e5ga att skapa tillit mellan myndigheter och ideella j\u00e4gark\u00e5ren. Samh\u00e4llet m\u00e5ste l\u00e5ta bli denna typ av \u00f6vertramp och m\u00e5na mycket mer om j\u00e4garna, som bjuder p\u00e5 sin tid med gl\u00e4dje och d\u00e4rtill g\u00f6r betydande samh\u00e4llsnytta.<\/p>\n<p>F\u00f6ljer inte regeringsbeslut<\/p>\n<p>\u00c4ven f\u00f6rm\u00e5gorna att f\u00f6lja regeringsbeslut och r\u00e4kna r\u00e4tt verkar beh\u00f6va f\u00f6rb\u00e4ttras hos l\u00e4nsstyrelserna. Att regeringen ville komma ner till 270 vargar \u00e4r uppenbart. Nu \u00e4r det h\u00f6gst 49 procents sannolikhet f\u00f6r det och enkel matematik visar att med 355 vargar, d\u00e4r 48 f\u00e5r f\u00e4llas, blir 307 kvar.<\/p>\n<p>D\u00e5 tas det tveksamma greppet att f\u00f6r eventuell skyddsjakt dra av 22 vargar \u2013 av vilka flera inte ens var f\u00f6dda under inventeringen 2024\/2025. Och \u00e4ven om 22 f\u00e4lls under skyddsjakt kvarst\u00e5r 15 innan 270 n\u00e5s. Sverige har rapporterat ett referensv\u00e4rde p\u00e5 170 vargar till EU, s\u00e5 det \u00e4r faktiskt riskfritt att f\u00e5 f\u00e4lla ner till 270 vargar.<\/p>\n<blockquote class=\"wp-block-quote is-layout-flow wp-block-quote-is-layout-flow\">\n<p>\u201cT\u00e4nk om alla medborgare fick hantera regeringsbeslut med detta l\u00e4ttsinne och l\u00e5ta 49 procents avvikelse fr\u00e5n hastighetsregler, skattesatser med mera vara okej.\u201d<\/p>\n<\/blockquote>\n<p>Nu kommer den svenska vargstammen att \u00f6ka, d\u00e5 2025 \u00e5rs f\u00f6ryngring inte \u00e4r med i ber\u00e4kningen. T\u00e4nk om alla medborgare fick hantera regeringsbeslut med detta l\u00e4ttsinne och l\u00e5ta 49 procents avvikelse fr\u00e5n hastighetsregler, skattesatser med mera vara okej.<\/p>\n<p>Regeringen har gjort stord\u00e5d<\/p>\n<p>Under 2026 ska en ny regering v\u00e4ljas. Nuvarande regering har gjort stord\u00e5d med att lyckas \u00e4ndra skyddsstatusen p\u00e5 varg i EU, med stor sannolikhet \u00e4r snart en klart f\u00f6rb\u00e4ttrad vapenlag p\u00e5 plats och en utredning har l\u00e4mnat f\u00f6rslag p\u00e5 en ny viltmyndighet.<\/p>\n<p>Politik tar tid, s\u00e4rskilt med sj\u00e4lvst\u00e4ndiga myndigheter, d\u00e4r politisk vilja ska visas genom regleringsbrev och l\u00e5nga utredningar. N\u00e4sta regering beh\u00f6ver forts\u00e4tta att l\u00e5ta viltf\u00f6rvaltningen f\u00e5 b\u00e4ttre f\u00f6ruts\u00e4ttningar. Det f\u00f6rtj\u00e4nar viltet och vi alla.<\/p>\n<p>JRF forts\u00e4tter med gl\u00e4dje arbetet att f\u00f6renkla jakten f\u00f6r j\u00e4garna. V\u00e4lkomna att vara med genom medlemskap i JRF 2026!<\/p>\n<p><strong>F\u00f6rtydligande:<\/strong> Ledaren som skrevs f\u00f6r papperstidningen tillkom innan f\u00f6rvaltningsr\u00e4tten stoppade den planerade vargjakten. I och med pressl\u00e4ggningstiden hann inte den uppdaterade versionen av ledaren komma med i papperstidningen. Texten h\u00e4r ovan \u00e4r d\u00e4remot uppdaterad (31 december).<\/p>\n","protected":false},"excerpt":{"rendered":"JRF forts\u00e4tter med gl\u00e4dje arbetet att f\u00f6renkla jakten f\u00f6r j\u00e4garna, skriver f\u00f6rbundsordf\u00f6rande Solveig Larsson. Publicerad 2026-01-01 07:00 Nytt&hellip;\n","protected":false},"author":2,"featured_media":122609,"comment_status":"","ping_status":"","sticky":false,"template":"","format":"standard","meta":{"footnotes":""},"categories":[5],"tags":[22,23,26,27,17,21,24,25,28,29,15,16,18,34,31,33,32,30,19,20],"class_list":{"0":"post-122608","1":"post","2":"type-post","3":"status-publish","4":"format-standard","5":"has-post-thumbnail","7":"category-rubriker","8":"tag-breaking-news","9":"tag-breakingnews","10":"tag-featured-news","11":"tag-featurednews","12":"tag-headlines","13":"tag-huvudnyheter","14":"tag-latest-news","15":"tag-latestnews","16":"tag-main-news","17":"tag-mainnews","18":"tag-news","19":"tag-nyheter","20":"tag-rubriker","21":"tag-se","22":"tag-svenska","23":"tag-sverige","24":"tag-sweden","25":"tag-swedish","26":"tag-top-stories","27":"tag-topstories"},"share_on_mastodon":{"url":"https:\/\/pubeurope.com\/@se\/115820219781715097","error":""},"_links":{"self":[{"href":"https:\/\/www.europesays.com\/se\/wp-json\/wp\/v2\/posts\/122608","targetHints":{"allow":["GET"]}}],"collection":[{"href":"https:\/\/www.europesays.com\/se\/wp-json\/wp\/v2\/posts"}],"about":[{"href":"https:\/\/www.europesays.com\/se\/wp-json\/wp\/v2\/types\/post"}],"author":[{"embeddable":true,"href":"https:\/\/www.europesays.com\/se\/wp-json\/wp\/v2\/users\/2"}],"replies":[{"embeddable":true,"href":"https:\/\/www.europesays.com\/se\/wp-json\/wp\/v2\/comments?post=122608"}],"version-history":[{"count":0,"href":"https:\/\/www.europesays.com\/se\/wp-json\/wp\/v2\/posts\/122608\/revisions"}],"wp:featuredmedia":[{"embeddable":true,"href":"https:\/\/www.europesays.com\/se\/wp-json\/wp\/v2\/media\/122609"}],"wp:attachment":[{"href":"https:\/\/www.europesays.com\/se\/wp-json\/wp\/v2\/media?parent=122608"}],"wp:term":[{"taxonomy":"category","embeddable":true,"href":"https:\/\/www.europesays.com\/se\/wp-json\/wp\/v2\/categories?post=122608"},{"taxonomy":"post_tag","embeddable":true,"href":"https:\/\/www.europesays.com\/se\/wp-json\/wp\/v2\/tags?post=122608"}],"curies":[{"name":"wp","href":"https:\/\/api.w.org\/{rel}","templated":true}]}}