{"id":122616,"date":"2026-01-01T14:10:07","date_gmt":"2026-01-01T14:10:07","guid":{"rendered":"https:\/\/www.europesays.com\/se\/122616\/"},"modified":"2026-01-01T14:10:07","modified_gmt":"2026-01-01T14:10:07","slug":"krisledningsstab-aktiverad-det-har-gor-kommunen-just-nu","status":"publish","type":"post","link":"https:\/\/www.europesays.com\/se\/122616\/","title":{"rendered":"Krisledningsstab aktiverad &#8211; det h\u00e4r g\u00f6r kommunen just nu"},"content":{"rendered":"<p>Krisledningen \u00e4r aktiverad<\/p>\n<p class=\"font-normal\">S\u00f6derhamns kommuns centrala krisledningsstab \u00e4r aktiverad f\u00f6r att ha b\u00e4sta m\u00f6jliga f\u00f6ruts\u00e4ttningar f\u00f6r att hantera konsekvenserna av ov\u00e4dret Anna d\u00e4r delar av kommunen sp\u00e5s drabbas av r\u00f6d v\u00e4dervarning och kommunen i \u00f6vrigt orange v\u00e4dervarning.<br \/><a href=\"https:\/\/www.soderhamn.se\/sidor\/arkiv\/nyhetsarkiv\/nyheter\/2025-12-30-rod-vadervarning-for-delar-av-soderhamns-kommun---stora-snomangder-och-blast.html\" rel=\"nofollow noopener\" target=\"_blank\">Mer information om v\u00e4dervarningarna<\/a><\/p>\n<p>Sn\u00f6r\u00f6jning och prioriteringar av v\u00e4gar<\/p>\n<p class=\"font-normal\">Kommunala fastighetsbolaget Faxeholmen har ansvar f\u00f6r kommunens sn\u00f6r\u00f6jning och vinterv\u00e4gh\u00e5llning. H\u00e4r finns en god beredskap f\u00f6r sn\u00f6r\u00f6jning med kamera\u00f6vervakning f\u00f6r l\u00e4gesbilder och manskap, maskiner och redskap.<\/p>\n<p>Prioriteringar av sn\u00f6r\u00f6jning<\/p>\n<ul class=\" env-text-list font-normal\">\n<li>Sn\u00f6r\u00f6jare kallas ut enligt planering f\u00f6r att nyttja resurser p\u00e5 b\u00e4sta s\u00e4tt med h\u00e4nsyn efter utifr\u00e5n behov och arbetsstidslagar.<\/li>\n<li>V\u00e5rd- och omsorgsboenden samt vissa skolor och f\u00f6rskolor \u00e4r prioriterade f\u00f6r att s\u00e4kerst\u00e4lla matleveranser och framkomlighet f\u00f6r bl\u00e5ljusverksamhet.<\/li>\n<\/ul>\n<p>Vid oframkomliga v\u00e4gar<\/p>\n<p class=\"font-normal\">Om vi inte klarar av sn\u00f6r\u00f6jningen och vinterv\u00e4gh\u00e5llningen p\u00e5 egen hand finns:<\/p>\n<ul class=\" env-text-list font-normal\">\n<li>Bandvagnar fr\u00e5n det lokala n\u00e4ringslivet, f\u00f6r att hj\u00e4lpa hemtj\u00e4nsten i f\u00f6rsta hand.<\/li>\n<li>Nationella och regionala resurser f\u00f6r hj\u00e4lp med sn\u00f6r\u00f6jningen via regional samverkan. D\u00e5 tar arbetet l\u00e4ngre tid.<\/li>\n<\/ul>\n<p>Vad kan du g\u00f6ra f\u00f6r att underl\u00e4tta sn\u00f6r\u00f6jning?<\/p>\n<ul class=\" env-text-list font-normal\">\n<li><a href=\"http:\/\/www.soderhamn.se\/sidor\/trafik-och-gator\/gator\/snorojning-och-vintervaghallning.html#Datumparkering\" rel=\"nofollow noopener\" target=\"_blank\">F\u00f6lj datumparkeringen<\/a><\/li>\n<li><a href=\"https:\/\/www.soderhamn.se\/sidor\/trafik-och-gator\/gator\/fastighetsagarens-ansvar.html\" rel=\"nofollow noopener\" target=\"_blank\">Ta ditt ansvar som fastighets\u00e4gare<\/a><\/li>\n<\/ul>\n<p>Planering f\u00f6r konsekvenser av ov\u00e4dret AnnaElbortfall<\/p>\n<p class=\"font-normal\">Det kommunala bolaget S\u00f6derhamn N\u00e4ra har drygt 9 000 elkunder i S\u00f6derhamn, de r\u00e4knar med elbortfall efter ov\u00e4dret och har manskap och andra resurser redo. L\u00e4get och konsekvenser kommuniceras via deras webbsida soderhamnnara.se och i deras app.<br \/><a href=\"http:\/\/www.soderhamnnara.se\" rel=\"nofollow noopener\" target=\"_blank\">www.soderhamnnara.se L\u00e4nk till annan webbplats.<\/a><\/p>\n<p>Matleveranser<\/p>\n<p class=\"font-normal\">P\u00e5 grund av sn\u00f6v\u00e4dret kan leveranstider f\u00f6r mat p\u00e5verkas, t.ex. tidigare leverans f\u00f6r att ta h\u00f6jd f\u00f6r att framkomligheten blir ett problem n\u00e4r sn\u00f6n kommer.<br \/>Vid nya str\u00f6mavbrott som inneb\u00e4r att levererad mat blir otj\u00e4nlig finns beredskap f\u00f6r att lag ny mat och leverera denna.<\/p>\n<p>F\u00f6rskolor och fritidshem har \u00f6ppet<\/p>\n<p class=\"font-normal\">Barnomsorg bedrivs enligt befintlig planering och sammanslagning av verksamheter \u00f6ver jul- och ny\u00e5rshelgen.<br \/><a href=\"https:\/\/www.soderhamn.se\/sidor\/arkiv\/nyhetsarkiv\/nyheter\/2025-12-05-oppna-forskolor-och-fritidshem-under-julen-2025.html\" rel=\"nofollow noopener\" target=\"_blank\">Lista \u00f6ver vilka f\u00f6rskolor som har \u00f6ppet\/st\u00e4ngt jul- och ny\u00e5rshelgen 2025\/2026<\/a><br \/>Eventuella f\u00f6r\u00e4ndringar meddelas via Unikum.<\/p>\n<p>V\u00e5rd och omsorg<\/p>\n<p class=\"font-normal\">Vid behov kan bandvagnar anv\u00e4ndas f\u00f6r att s\u00e4kerst\u00e4lla att hemtj\u00e4nsten kommer hem till alla brukare.<\/p>\n<p>Trygghetspunkter<\/p>\n<p class=\"font-normal\">En trygghetspunkt i Tr\u00f6n\u00f6 har varit \u00f6ppen sedan 29 december. Trygghetspunkten i Tr\u00f6n\u00f6 \u00e4r bel\u00e4gen i I brandstationen. D\u00e4r finns m\u00f6jlighet att v\u00e4rma sig, h\u00e4mta vatten, ladda telefoner och duscha.<\/p>\n<p class=\"font-normal\">Nu f\u00f6rbereder vi f\u00f6r att kunna \u00f6ppna trygghetspunkter i fler kommundelar om behov uppst\u00e5r.<\/p>\n","protected":false},"excerpt":{"rendered":"Krisledningen \u00e4r aktiverad S\u00f6derhamns kommuns centrala krisledningsstab \u00e4r aktiverad f\u00f6r att ha b\u00e4sta m\u00f6jliga f\u00f6ruts\u00e4ttningar f\u00f6r att hantera&hellip;\n","protected":false},"author":2,"featured_media":88537,"comment_status":"","ping_status":"","sticky":false,"template":"","format":"standard","meta":{"footnotes":""},"categories":[12],"tags":[22,23,26,27,17,21,24,25,28,29,15,16,18,34,31,33,32,30,19,20],"class_list":{"0":"post-122616","1":"post","2":"type-post","3":"status-publish","4":"format-standard","5":"has-post-thumbnail","7":"category-sverige","8":"tag-breaking-news","9":"tag-breakingnews","10":"tag-featured-news","11":"tag-featurednews","12":"tag-headlines","13":"tag-huvudnyheter","14":"tag-latest-news","15":"tag-latestnews","16":"tag-main-news","17":"tag-mainnews","18":"tag-news","19":"tag-nyheter","20":"tag-rubriker","21":"tag-se","22":"tag-svenska","23":"tag-sverige","24":"tag-sweden","25":"tag-swedish","26":"tag-top-stories","27":"tag-topstories"},"share_on_mastodon":{"url":"https:\/\/pubeurope.com\/@se\/115820247281067870","error":""},"_links":{"self":[{"href":"https:\/\/www.europesays.com\/se\/wp-json\/wp\/v2\/posts\/122616","targetHints":{"allow":["GET"]}}],"collection":[{"href":"https:\/\/www.europesays.com\/se\/wp-json\/wp\/v2\/posts"}],"about":[{"href":"https:\/\/www.europesays.com\/se\/wp-json\/wp\/v2\/types\/post"}],"author":[{"embeddable":true,"href":"https:\/\/www.europesays.com\/se\/wp-json\/wp\/v2\/users\/2"}],"replies":[{"embeddable":true,"href":"https:\/\/www.europesays.com\/se\/wp-json\/wp\/v2\/comments?post=122616"}],"version-history":[{"count":0,"href":"https:\/\/www.europesays.com\/se\/wp-json\/wp\/v2\/posts\/122616\/revisions"}],"wp:featuredmedia":[{"embeddable":true,"href":"https:\/\/www.europesays.com\/se\/wp-json\/wp\/v2\/media\/88537"}],"wp:attachment":[{"href":"https:\/\/www.europesays.com\/se\/wp-json\/wp\/v2\/media?parent=122616"}],"wp:term":[{"taxonomy":"category","embeddable":true,"href":"https:\/\/www.europesays.com\/se\/wp-json\/wp\/v2\/categories?post=122616"},{"taxonomy":"post_tag","embeddable":true,"href":"https:\/\/www.europesays.com\/se\/wp-json\/wp\/v2\/tags?post=122616"}],"curies":[{"name":"wp","href":"https:\/\/api.w.org\/{rel}","templated":true}]}}