{"id":122619,"date":"2026-01-01T14:14:07","date_gmt":"2026-01-01T14:14:07","guid":{"rendered":"https:\/\/www.europesays.com\/se\/122619\/"},"modified":"2026-01-01T14:14:07","modified_gmt":"2026-01-01T14:14:07","slug":"ida-lovas-svagare-an-jag-ar-arets-lat-pa-svensktoppen-2025-pressinformation","status":"publish","type":"post","link":"https:\/\/www.europesays.com\/se\/122619\/","title":{"rendered":"Ida-Lovas \u201dSvagare \u00c4n Jag\u201d \u00e4r \u00c5rets l\u00e5t p\u00e5 Svensktoppen 2025 &#8211; Pressinformation"},"content":{"rendered":"<p>\u201dSvagare \u00e4n jag\u201d \u00e4r Ida-Lovas f\u00f6rsta l\u00e5t p\u00e5 <a class=\"internal-link\" target=\"_self\" href=\"https:\/\/www.sverigesradio.se\/svensktoppen\" rel=\"nofollow noopener\">Svensktoppen<\/a>. L\u00e5ten har legat etta och \u00e4r, med sina 30 veckor p\u00e5 listan, en av tv\u00e5 l\u00e5tar som h\u00e5llit sig kvar l\u00e4ngst under \u00e5ret.<\/p>\n<p>\u2013 Jag blir s\u00e5 otroligt glad! Det \u00e4r den f\u00f6rsta l\u00e5ten som jag skrivit sj\u00e4lv. Det \u00e4r ett fint kvitto p\u00e5 att jag kan skriva musik, s\u00e4ger <strong>Ida-Lova<\/strong>, som gratuleras till priset i Svensktoppsstudion.<\/p>\n<p>Det \u00e4r ovanligt att en debutant g\u00f6r en s\u00e5dan succ\u00e9.<\/p>\n<p>\u2013 Jag minns att jag tr\u00e4ffade Ida-Lova n\u00e4r hon jobbade extra i garderoben under Kent-konserterna i mars. N\u00e5gra veckor senare st\u00e5r hon i fotoblixtarnas sken p\u00e5 r\u00f6da mattan p\u00e5 Grammis och fram\u00e5t sommaren exploderar det f\u00f6r \u201dSvagare \u00e4n jag\u201d. Ett s\u00e5dant genombrott ser man inte ofta! s\u00e4ger <strong>Carolina Nor\u00e9n<\/strong>, programledare och producent f\u00f6r Svensktoppen.<\/p>\n<p><strong>KAJ vinner flest utm\u00e4rkelser<\/strong><br \/>Humortrion KAJ vinner flest utn\u00e4mningar p\u00e5 Svensktoppen 2025. De utses till \u00c5rets nykomlingar och vinner \u00e4ven det nyinstiftade priset \u00c5rets melodifestivalsucc\u00e9.<\/p>\n<p>\u2013 Efter 15 \u00e5r i branschen stod \u00e4ntligen planeterna r\u00e4tt \u2013 och d\u00e5 var vi redo! Vi har aldrig trott att vi skulle bli stora p\u00e5 Svensktoppen, det h\u00e4r \u00e4r helt galet, s\u00e4ger <strong>Kevin, Axel och Jakob.<\/strong><\/p>\n<p>Trion ber\u00e4ttar ocks\u00e5 att de f\u00f6ljt och lyssnat p\u00e5 Svensktoppen sedan de var sm\u00e5. Deras hit \u201dBara bada bastu\u201d lyckades ocks\u00e5 h\u00e5lla sig kvar i 30 veckor p\u00e5 listan. Anderz Wrethov \u00e4r en av l\u00e5tskrivarna till l\u00e5ten och vinner utn\u00e4mningen \u00c5rets komposit\u00f6r.<\/p>\n<p><strong>Leksell blir \u00c5rets<\/strong> <strong>artist<\/strong><br \/>Victor Leksell tar hem titeln \u00c5rets artist f\u00f6r l\u00e5tarna \u201dLys p\u00e5 mig\u201d, \u201dLost and found\u201d och \u201dSkriker mitt namn\u201d. Det \u00e4r andra g\u00e5ngen han f\u00e5r utn\u00e4mningen. \u2013 Jag blir lika glad varje g\u00e5ng \u2013 Det h\u00e4r \u00e4r en barndomsdr\u00f6m! s\u00e4ger <strong>Victor Leksell.<\/strong><\/p>\n<p>\u00a0<\/p>\n<p><strong>Alla vinnare p\u00e5 Svensktoppen 2025<\/strong><br \/><strong>\u00c5rets l\u00e5t<\/strong>: \u201dSvagare \u00e4n jag\u201d med Ida-Lova<br \/><strong>\u00c5rets artist<\/strong>: Victor Leksell (\u201dLys p\u00e5 mig\u201d, \u201dLost and found\u201d, \u201dSkriker mitt namn\u201d)<br \/><strong>\u00c5rets nykomlingar<\/strong>: KAJ (\u201dBara bada bastu\u201d, \u201dMosquito\u201d)<br \/><strong>\u00c5rets melodifestivalsucc\u00e9<\/strong>: KAJ (\u201dBara bada bastu\u201d)<br \/><strong>\u00c5rets komposit\u00f6r<\/strong>: Anderz Wrethov (\u201dBara bada bastu\u201d, \u201dHush hush\u201d, \u201dSweet\u2019n psycho\u201d)<\/p>\n<p><strong>S\u00e4ndningstid<\/strong><br \/>\u00c5rets Svensktoppsmelodier presenteras i P4 p\u00e5 ny\u00e5rsdagen, torsdag 1 januari 2026 kl 15.03. Programmet finns \u00e4ven i appen Sveriges Radio.<\/p>\n<p>\u00a0<\/p>\n<p><strong>\u00c5rets Svensktoppsmelodier \u2013 totalpo\u00e4ng Topp 10<\/strong><\/p>\n<ol>\n<li>\n<p>\u201dSvagare \u00e4n jag\u201d \u2013 Ida-Lova: 4\u00a0770<\/p>\n<\/li>\n<li>\n<p>\u201dBara bada bastu\u201d \u2013 KAJ: 4\u00a0742<\/p>\n<\/li>\n<li>\n<p>\u201dTusen sp\u00e4nn\u201d \u2013 Tjuvjakt och Fanny Avonne: 4\u00a0244<\/p>\n<\/li>\n<li>\n<p>\u201dLys p\u00e5 mig\u201d \u2013 Victor Leksell: 3\u00a0736<\/p>\n<\/li>\n<li>\n<p>\u201dOn and on and on\u201d \u2013 Klara Hammarstr\u00f6m: 3\u00a0558<\/p>\n<\/li>\n<li>\n<p>\u201dGenom eld och vatten\u201d \u2013 Medina: 3\u00a0543<\/p>\n<\/li>\n<li>\n<p>\u201dMimosa\u201d \u2013 Darin: 3\u00a0215<\/p>\n<\/li>\n<li>\n<p>\u201dP\u00e5 m\u00e5ndag\u201d \u2013 Miss Li: 3\u00a0032<\/p>\n<\/li>\n<li>\n<p>\u201dHush hush\u201d \u2013 Meira Omar: 2\u00a0846<\/p>\n<\/li>\n<li>\n<p>\u201dLost and found\u201d \u2013 Victor Leksell och Molly Sand\u00e9n: 2\u00a0430\u00a0<\/p>\n<\/li>\n<\/ol>\n<p><strong>Precis utanf\u00f6r<\/strong><\/p>\n<ol start=\"11\">\n<li>\n<p>\u201dBelieve me\u201d \u2013 Greczula: 2\u00a0234<\/p>\n<\/li>\n<li>\n<p>\u201dTrophy\u201d \u2013 Molly Sand\u00e9n: 1\u00a0995<\/p>\n<\/li>\n<li>\n<p>\u201dHate you so much\u201d \u2013 Saga Ludvigsson: 1\u00a0894<\/p>\n<\/li>\n<li>\n<p>\u201dAngela\u201d \u2013 Benjamin Ingrosso: 1\u00a0868<\/p>\n<\/li>\n<li>\n<p>\u201dKamikaze life\u201d \u2013 Maja Ivarsson: 1 858<\/p>\n<\/li>\n<\/ol>\n<p><strong>Pressbilder: <\/strong><br \/><a target=\"_blank\" rel=\"noopener noreferrer nofollow\" href=\"https:\/\/sverigesradio.bildbank.se\/sv\/delad\/d5j21h60so\">https:\/\/sverigesradio.bildbank.se\/sv\/delad\/d5j21h60so<\/a><\/p>\n<p><strong>F\u00f6r mer information, v\u00e4nligen kontakta:<\/strong><br \/>Carolina Nor\u00e9n, programledare\/producent f\u00f6r Svensktoppen<a target=\"_blank\" rel=\"noopener noreferrer nofollow\" href=\"https:\/\/www.sverigesradio.se\/artikel\/mailto:Svensktoppen\ufffccarolina.noren@sverigesradio.se\"><br \/><\/a><a class=\"internal-link\" target=\"_self\" href=\"https:\/\/www.sverigesradio.se\/artikel\/mailto:carolina.noren@sverigesradio.se\" rel=\"nofollow noopener\"><a target=\"_blank\" rel=\"noopener noreferrer nofollow\" href=\"https:\/\/www.sverigesradio.se\/artikel\/mailto:Svensktoppen\ufffccarolina.noren@sverigesradio.se\">carolina.noren@sverigesradio.se<\/a><br \/>070-215 63 05<\/p>\n","protected":false},"excerpt":{"rendered":"\u201dSvagare \u00e4n jag\u201d \u00e4r Ida-Lovas f\u00f6rsta l\u00e5t p\u00e5 Svensktoppen. L\u00e5ten har legat etta och \u00e4r, med sina 30&hellip;\n","protected":false},"author":2,"featured_media":122620,"comment_status":"","ping_status":"","sticky":false,"template":"","format":"standard","meta":{"footnotes":""},"categories":[67],"tags":[104,1183,1184,1181,1180,34,1182,31,33,32,30,105],"class_list":{"0":"post-122619","1":"post","2":"type-post","3":"status-publish","4":"format-standard","5":"has-post-thumbnail","7":"category-underhallning","8":"tag-entertainment","9":"tag-press-sr","10":"tag-pressinfo-sr","11":"tag-pressinformation-sr","12":"tag-presstjnsten-sveriges-radio","13":"tag-se","14":"tag-sr-press","15":"tag-svenska","16":"tag-sverige","17":"tag-sweden","18":"tag-swedish","19":"tag-underhallning"},"share_on_mastodon":{"url":"https:\/\/pubeurope.com\/@se\/115820263259529476","error":""},"_links":{"self":[{"href":"https:\/\/www.europesays.com\/se\/wp-json\/wp\/v2\/posts\/122619","targetHints":{"allow":["GET"]}}],"collection":[{"href":"https:\/\/www.europesays.com\/se\/wp-json\/wp\/v2\/posts"}],"about":[{"href":"https:\/\/www.europesays.com\/se\/wp-json\/wp\/v2\/types\/post"}],"author":[{"embeddable":true,"href":"https:\/\/www.europesays.com\/se\/wp-json\/wp\/v2\/users\/2"}],"replies":[{"embeddable":true,"href":"https:\/\/www.europesays.com\/se\/wp-json\/wp\/v2\/comments?post=122619"}],"version-history":[{"count":0,"href":"https:\/\/www.europesays.com\/se\/wp-json\/wp\/v2\/posts\/122619\/revisions"}],"wp:featuredmedia":[{"embeddable":true,"href":"https:\/\/www.europesays.com\/se\/wp-json\/wp\/v2\/media\/122620"}],"wp:attachment":[{"href":"https:\/\/www.europesays.com\/se\/wp-json\/wp\/v2\/media?parent=122619"}],"wp:term":[{"taxonomy":"category","embeddable":true,"href":"https:\/\/www.europesays.com\/se\/wp-json\/wp\/v2\/categories?post=122619"},{"taxonomy":"post_tag","embeddable":true,"href":"https:\/\/www.europesays.com\/se\/wp-json\/wp\/v2\/tags?post=122619"}],"curies":[{"name":"wp","href":"https:\/\/api.w.org\/{rel}","templated":true}]}}