{"id":122621,"date":"2026-01-01T14:15:08","date_gmt":"2026-01-01T14:15:08","guid":{"rendered":"https:\/\/www.europesays.com\/se\/122621\/"},"modified":"2026-01-01T14:15:08","modified_gmt":"2026-01-01T14:15:08","slug":"sa-kan-apple-andra-forutsattningarna-for-iphone-under-2026","status":"publish","type":"post","link":"https:\/\/www.europesays.com\/se\/122621\/","title":{"rendered":"S\u00e5 kan Apple \u00e4ndra f\u00f6ruts\u00e4ttningarna f\u00f6r Iphone under 2026"},"content":{"rendered":"<p>Givet Apples l\u00e5ngsamma utveckling av nya funktioner i Iphone \u00e4r det ganska l\u00e4tt att f\u00f6rutse vad som komma skall. Optisk zoom, snabb sk\u00e4rmuppdatering, nya n\u00e4ttekniker, det mesta kommer till Apples produkter p\u00f6 om p\u00f6 och \u00e5r efter att de gjort entr\u00e9 i andra tillverkares mobiler. Apple \u00e4r helt enkelt s\u00e4llan teknikledande. De packar om det andra redan provat.\u00a0<\/p>\n<p>Apple \u00e4r ocks\u00e5 extremt ansatt av nyfikna techl\u00e4ckare och f\u00f6rlitar sig p\u00e5 underleverant\u00f6rer, s\u00e5 det \u00e4r sv\u00e5rt, \u00e4ven om de g\u00f6r sitt b\u00e4sta, att h\u00e5lla vad som komma skall hemligt.\u00a0<\/p>\n<p>\u00c4ven om Apple \u00e4r r\u00e4tt f\u00f6ruts\u00e4gbara och har l\u00e5ngsam utvecklingscykel finns det rum f\u00f6r \u00f6verraskningar.\u00a0<\/p>\n<p>Givet Apples l\u00e5ngsamma utveckling av nya funktioner i Iphone \u00e4r det ganska l\u00e4tt att f\u00f6rutse vad som komma skall. Optisk zoom, snabb sk\u00e4rmuppdatering, nya n\u00e4ttekniker, det mesta kommer till Apples produkter p\u00f6 om p\u00f6 och \u00e5r efter att de gjort entr\u00e9 i andra tillverkares mobiler. Apple \u00e4r helt enkelt s\u00e4llan teknikledande. De packar om det andra redan provat.\u00a0<\/p>\n<p>Apple \u00e4r ocks\u00e5 extremt ansatt av nyfikna techl\u00e4ckare och f\u00f6rlitar sig p\u00e5 underleverant\u00f6rer, s\u00e5 det \u00e4r sv\u00e5rt, \u00e4ven om de g\u00f6r sitt b\u00e4sta, att h\u00e5lla vad som komma skall hemligt.\u00a0<\/p>\n<p>\u00c4ven om Apple \u00e4r r\u00e4tt f\u00f6ruts\u00e4gbara och har l\u00e5ngsam utvecklingscykel finns det rum f\u00f6r \u00f6verraskningar.\u00a0<\/p>\n<p>L\u00e4ckor nyligen d\u00e4r intern testmjukvara med Apples interna kodnamn f\u00f6r nya produkter har blivit k\u00e4nd och informationen \u00e4r fullsp\u00e4ckad med kommande produkter som \u00e4nnu inte lanserats.\u00a0<\/p>\n<p>\u00c4ven om en vikbar Iphone i september 2026 n\u00e4mns, en jubileums-Iphone 2027 med sk\u00e4rm som fl\u00f6dar \u00f6ver alla kanter och utebliven Iphone 18 under 2026 (den kommer ist\u00e4llet v\u00e5ren 2027) n\u00e4mns \u00e4r det som kan \u00f6verraska mer det som vi hittar utanf\u00f6r Iphone-omr\u00e5det.\u00a0<\/p>\n<p>F\u00f6r \u00e4ven om Iphone \u00e4r central i produktutbudet \u00e4r det de nya produktkategorierna som \u00e4r mest sp\u00e4nnande. De som f\u00f6rl\u00e4nger anv\u00e4ndningsomr\u00e5dena f\u00f6r de produkter vi redan k\u00e4nner v\u00e4l. Vi har l\u00e4nge pratat om smarta hemmet, men \u00e4nnu har inte s\u00e4rskilt mycket h\u00e4nt, framf\u00f6rallt inte fr\u00e5n Apples h\u00e5ll. Det blir det \u00e4ndring p\u00e5, redan i v\u00e5r verkar det som, n\u00e4r Apples smarta hemmahub sl\u00e4pps, en h\u00f6gtalare med peksk\u00e4rm och kamera med Face ID. Det ska komma en bordsmodell och en v\u00e4ggmonterad modell och \u00e5ret efter v\u00e4ntas en \u201cbordsrobot\u201d som ska vara en mer utvecklad modell, alla dessa st\u00f6ds s\u00e5 klart av Apple Intelligence.\u00a0<\/p>\n<p>Givet det \u00e5terst\u00e5r att se hur smarta de verkligen blir och vad de kan bidra till i hemmet. Samt vilka andra produkter dessa \u00f6ppnar d\u00f6rrarna f\u00f6r.\u00a0<\/p>\n","protected":false},"excerpt":{"rendered":"Givet Apples l\u00e5ngsamma utveckling av nya funktioner i Iphone \u00e4r det ganska l\u00e4tt att f\u00f6rutse vad som komma&hellip;\n","protected":false},"author":2,"featured_media":122622,"comment_status":"","ping_status":"","sticky":false,"template":"","format":"standard","meta":{"footnotes":""},"categories":[66],"tags":[80,78,79,34,31,33,32,30,81,84,83,82],"class_list":{"0":"post-122621","1":"post","2":"type-post","3":"status-publish","4":"format-standard","5":"has-post-thumbnail","7":"category-vetenskap-och-teknik","8":"tag-science","9":"tag-science-and-technology","10":"tag-scienceandtechnology","11":"tag-se","12":"tag-svenska","13":"tag-sverige","14":"tag-sweden","15":"tag-swedish","16":"tag-technology","17":"tag-teknik","18":"tag-vetenskap","19":"tag-vetenskapteknik"},"share_on_mastodon":{"url":"https:\/\/pubeurope.com\/@se\/115820266973067831","error":""},"_links":{"self":[{"href":"https:\/\/www.europesays.com\/se\/wp-json\/wp\/v2\/posts\/122621","targetHints":{"allow":["GET"]}}],"collection":[{"href":"https:\/\/www.europesays.com\/se\/wp-json\/wp\/v2\/posts"}],"about":[{"href":"https:\/\/www.europesays.com\/se\/wp-json\/wp\/v2\/types\/post"}],"author":[{"embeddable":true,"href":"https:\/\/www.europesays.com\/se\/wp-json\/wp\/v2\/users\/2"}],"replies":[{"embeddable":true,"href":"https:\/\/www.europesays.com\/se\/wp-json\/wp\/v2\/comments?post=122621"}],"version-history":[{"count":0,"href":"https:\/\/www.europesays.com\/se\/wp-json\/wp\/v2\/posts\/122621\/revisions"}],"wp:featuredmedia":[{"embeddable":true,"href":"https:\/\/www.europesays.com\/se\/wp-json\/wp\/v2\/media\/122622"}],"wp:attachment":[{"href":"https:\/\/www.europesays.com\/se\/wp-json\/wp\/v2\/media?parent=122621"}],"wp:term":[{"taxonomy":"category","embeddable":true,"href":"https:\/\/www.europesays.com\/se\/wp-json\/wp\/v2\/categories?post=122621"},{"taxonomy":"post_tag","embeddable":true,"href":"https:\/\/www.europesays.com\/se\/wp-json\/wp\/v2\/tags?post=122621"}],"curies":[{"name":"wp","href":"https:\/\/api.w.org\/{rel}","templated":true}]}}