{"id":122623,"date":"2026-01-01T14:17:23","date_gmt":"2026-01-01T14:17:23","guid":{"rendered":"https:\/\/www.europesays.com\/se\/122623\/"},"modified":"2026-01-01T14:17:23","modified_gmt":"2026-01-01T14:17:23","slug":"ryssland-publicerar-video-av-pastadd-dronarattack-vasterbottens-kuriren","status":"publish","type":"post","link":"https:\/\/www.europesays.com\/se\/122623\/","title":{"rendered":"Ryssland publicerar video av p\u00e5st\u00e5dd dr\u00f6narattack &#8211; V\u00e4sterbottens-Kuriren"},"content":{"rendered":"<ol>\n<li><a href=\"https:\/\/news.google.com\/rss\/articles\/CBMijAFBVV95cUxQVlUxS280TGFGcnUxNmlOSFNDYi0zMXZyc29va21XVmF4T1pDMTBsdUFWd3NsbTJ0eEd3TDJvSXFMck83V3ZfQXdiTUlDMUxHbkU4QTlTaGI2LXhDZU0xSjZVaFBZNWh4X0lXbVJRaVBydzlHOTg4aWxGbWNTSlhsNmNCY09wMlBmYXRhSQ?oc=5\" target=\"_blank\" rel=\"nofollow noopener\">Ryssland publicerar video av p\u00e5st\u00e5dd dr\u00f6narattack<\/a>&nbsp;&nbsp;V\u00e4sterbottens-Kuriren<\/li>\n<li><a href=\"https:\/\/news.google.com\/rss\/articles\/CBMiekFVX3lxTFAzQlZmSmtweWo4ZHprcUdLZGEzS1EwUkR4NTBLdTJuTURWMEJzdDlSOGRiWHFTeWNhbmlsQVFjNWJEZnZrTnphenREMElPTGszeW43QjE0TnM5Mlc4UlUwZTcwMVYxelJBUmdubkNuQUlwYWI4NUpqdmpR?oc=5\" target=\"_blank\" rel=\"nofollow noopener\">Putins hemliga n\u00e4tverk med palats \u2013 \u201dparanoid\u201d<\/a>&nbsp;&nbsp;SvD<\/li>\n<li><a href=\"https:\/\/news.google.com\/rss\/articles\/CBMikAFBVV95cUxPcnE1QTdpRVBXOWVnMmF2Y1JsSGFnOS14RkwwR0RIaUdYSGs5dUNQck5VemRxZHZhMkFmX2ZUeDdNYUxhcUM2VXlxUm9tU3J1MTdoSUx1aUpvZS0tcWNDTnc2d3ltc1BsNW1sZ1dFbUs5dHBoYjcyOWZWdEZCZUpHRzFLQ05zbHc0ME53YWtSNVE?oc=5\" target=\"_blank\" rel=\"nofollow noopener\">USA: Ukraina inte bakom attacken<\/a>&nbsp;&nbsp;Expressen<\/li>\n<li><a href=\"https:\/\/news.google.com\/rss\/articles\/CBMikgFBVV95cUxPQTMwVURNRDN0VldqNW8wNUcyV3R0UDk1WG1oUW5FWW0tWTBwV3VmVjVZWktCazlncmc2VTdwX29PNFZhUkNBbHZ6bFgyZVh2czNreWwyX3l4OHN1SllQNlhCY3g2cG4ybFNTTkhpWUVrUVNQYlhJb3lKTmRqZXhDWlpqLWZWYkZLQWh0czBaOEU3dw?oc=5\" target=\"_blank\" rel=\"nofollow noopener\">K\u00e4lla: CIA avf\u00e4rdar ryska uppgifter om attack<\/a>&nbsp;&nbsp;Aftonbladet<\/li>\n<li><a href=\"https:\/\/news.google.com\/rss\/articles\/CBMioAFBVV95cUxNSG5UZElMMVNVNlhkQzNmUDU1SGFwVlRNV0swQl9zUU5rcUlfaXN4M0FsSEZ6ckxDc0ZtUVpmNFN6ZzAtUXZFWmdEdU1JM2wyS2JJeDNtNUJjaE9JQUxXUkthWXhNVVFQZUNnek16Z0NiQzItVmVnR0pnQ2VSOHlmVDhGTldIaDhfcUtZSXdhTjVQakxDVGdycjJqWUd5Mzdn?oc=5\" target=\"_blank\" rel=\"nofollow noopener\">Ryssland h\u00f6jer tonl\u00e4get efter m\u00f6tet mellan Trump och Zelenskyj<\/a>&nbsp;&nbsp;Sveriges Radio<\/li>\n<\/ol>\n","protected":false},"excerpt":{"rendered":"Ryssland publicerar video av p\u00e5st\u00e5dd dr\u00f6narattack&nbsp;&nbsp;V\u00e4sterbottens-Kuriren Putins hemliga n\u00e4tverk med palats \u2013 \u201dparanoid\u201d&nbsp;&nbsp;SvD USA: Ukraina inte bakom attacken&nbsp;&nbsp;Expressen&hellip;\n","protected":false},"author":2,"featured_media":122125,"comment_status":"","ping_status":"","sticky":false,"template":"","format":"standard","meta":{"footnotes":""},"categories":[14],"tags":[22,23,26,27,17,21,24,25,28,29,15,16,18,34,31,33,32,30,19,20,51,52,53,54],"class_list":{"0":"post-122623","1":"post","2":"type-post","3":"status-publish","4":"format-standard","5":"has-post-thumbnail","7":"category-varlden","8":"tag-breaking-news","9":"tag-breakingnews","10":"tag-featured-news","11":"tag-featurednews","12":"tag-headlines","13":"tag-huvudnyheter","14":"tag-latest-news","15":"tag-latestnews","16":"tag-main-news","17":"tag-mainnews","18":"tag-news","19":"tag-nyheter","20":"tag-rubriker","21":"tag-se","22":"tag-svenska","23":"tag-sverige","24":"tag-sweden","25":"tag-swedish","26":"tag-top-stories","27":"tag-topstories","28":"tag-varlden","29":"tag-world","30":"tag-world-news","31":"tag-worldnews"},"share_on_mastodon":{"url":"https:\/\/pubeurope.com\/@se\/115820275052911544","error":""},"_links":{"self":[{"href":"https:\/\/www.europesays.com\/se\/wp-json\/wp\/v2\/posts\/122623","targetHints":{"allow":["GET"]}}],"collection":[{"href":"https:\/\/www.europesays.com\/se\/wp-json\/wp\/v2\/posts"}],"about":[{"href":"https:\/\/www.europesays.com\/se\/wp-json\/wp\/v2\/types\/post"}],"author":[{"embeddable":true,"href":"https:\/\/www.europesays.com\/se\/wp-json\/wp\/v2\/users\/2"}],"replies":[{"embeddable":true,"href":"https:\/\/www.europesays.com\/se\/wp-json\/wp\/v2\/comments?post=122623"}],"version-history":[{"count":0,"href":"https:\/\/www.europesays.com\/se\/wp-json\/wp\/v2\/posts\/122623\/revisions"}],"wp:featuredmedia":[{"embeddable":true,"href":"https:\/\/www.europesays.com\/se\/wp-json\/wp\/v2\/media\/122125"}],"wp:attachment":[{"href":"https:\/\/www.europesays.com\/se\/wp-json\/wp\/v2\/media?parent=122623"}],"wp:term":[{"taxonomy":"category","embeddable":true,"href":"https:\/\/www.europesays.com\/se\/wp-json\/wp\/v2\/categories?post=122623"},{"taxonomy":"post_tag","embeddable":true,"href":"https:\/\/www.europesays.com\/se\/wp-json\/wp\/v2\/tags?post=122623"}],"curies":[{"name":"wp","href":"https:\/\/api.w.org\/{rel}","templated":true}]}}