{"id":122641,"date":"2026-01-01T14:42:07","date_gmt":"2026-01-01T14:42:07","guid":{"rendered":"https:\/\/www.europesays.com\/se\/122641\/"},"modified":"2026-01-01T14:42:07","modified_gmt":"2026-01-01T14:42:07","slug":"tva-anhallna-pa-skepp-misstankt-for-kabelbrott-vasterbottens-kuriren","status":"publish","type":"post","link":"https:\/\/www.europesays.com\/se\/122641\/","title":{"rendered":"Tv\u00e5 anh\u00e5llna p\u00e5 skepp misst\u00e4nkt f\u00f6r kabelbrott &#8211; V\u00e4sterbottens-Kuriren"},"content":{"rendered":"<ol>\n<li><a href=\"https:\/\/news.google.com\/rss\/articles\/CBMiiAFBVV95cUxORVk5LTFIRENlMDBFZmVhVkZDam9hSFhCc21URElGam9YQWNCSTRJQkJWWFV4Y2NIampYeTRsUGc0ai02cDNRcXRrMXR6ODFXNnhxTDZsQVhfWE9tOHRLdHhQYTBqVkk1NDFLNmtqQndDbzJ6RDFYTjdMeVhBN212RDVfdzNfekNa?oc=5\" target=\"_blank\" rel=\"nofollow noopener\">Tv\u00e5 anh\u00e5llna p\u00e5 skepp misst\u00e4nkt f\u00f6r kabelbrott<\/a>&nbsp;&nbsp;V\u00e4sterbottens-Kuriren<\/li>\n<li><a href=\"https:\/\/news.google.com\/rss\/articles\/CBMiiAFBVV95cUxQWDk3eVZhalJjb0hwMnBuaGw4dHo1aFZGRU5MQTFWdWlWVHFIb0NHLUdrZXVKNUoweTB3THkwaHV6alk5MUVzWThsaW1EUHVYMFhaRkZORmFWLWxncGF0YmtELUhSUTc5WFUteFZORGtMTEpReTBjNG5jWUU3S3hEQzdlanoyU1Jk?oc=5\" target=\"_blank\" rel=\"nofollow noopener\">Kabelbrott mellan Sverige, Finland och Estland<\/a>&nbsp;&nbsp;Aftonbladet<\/li>\n<li><a href=\"https:\/\/news.google.com\/rss\/articles\/CBMidkFVX3lxTE1iWGFfR3plNEVjM1hhZkYtckdETjFTdVo4NFU1STJyb05rWGNaaWdBcEdscVQtUnR4UWtUSmpYNV9aMUZ4M0hDRFVNRXNZVnZGODVGOEdGMGJVLWNteXNxNUdGNkdqQVFtNVgzNk9EYjN2N3dZa1E?oc=5\" target=\"_blank\" rel=\"nofollow noopener\">F\u00f6rbjuden last p\u00e5 misst\u00e4nkt kabelfartyg<\/a>&nbsp;&nbsp;SvD<\/li>\n<li><a href=\"https:\/\/news.google.com\/rss\/articles\/CBMiQEFVX3lxTE5OV1FmcWVhUC1XWi1STlVERFIxS1dHb2ppM1lrYzBtUDAyS2lEREl3UnRvdUFZUVluRVRoMEdLQ0k?oc=5\" target=\"_blank\" rel=\"nofollow noopener\">Sanktionsbelagda st\u00e5lprodukter p\u00e5 fartyget Fitburg \u2013 tv\u00e5 personer har anh\u00e5llits<\/a>&nbsp;&nbsp;Yle<\/li>\n<li><a href=\"https:\/\/news.google.com\/rss\/articles\/CBMikwFBVV95cUxPVmpPOWg3Uk5NWS1pazdJa3lSTmhfSVJsNl9nV2I4d1lIbnBfUmRjRmpMOWxhUFNHRFZIc3dieE1ZalFCZUowUlB6ZUxuYTlYM3FMVlR5SEVNU3JWWmFfM3M5YjcxME9Qblc3YWpJUHVxc2J0akdkZTdtSGdkNkpoRHFBc016aUg3bHY0WFJLM0x1OGs?oc=5\" target=\"_blank\" rel=\"nofollow noopener\">Expert om kabelbrotten: \u201dV\u00e4ldigt sv\u00e5rt att bevisa avsikt\u201d<\/a>&nbsp;&nbsp;SVT Nyheter<\/li>\n<\/ol>\n","protected":false},"excerpt":{"rendered":"Tv\u00e5 anh\u00e5llna p\u00e5 skepp misst\u00e4nkt f\u00f6r kabelbrott&nbsp;&nbsp;V\u00e4sterbottens-Kuriren Kabelbrott mellan Sverige, Finland och Estland&nbsp;&nbsp;Aftonbladet F\u00f6rbjuden last p\u00e5 misst\u00e4nkt kabelfartyg&nbsp;&nbsp;SvD&hellip;\n","protected":false},"author":2,"featured_media":122642,"comment_status":"","ping_status":"","sticky":false,"template":"","format":"standard","meta":{"footnotes":""},"categories":[14],"tags":[22,23,26,27,17,21,24,25,28,29,15,16,18,34,31,33,32,30,19,20,51,52,53,54],"class_list":{"0":"post-122641","1":"post","2":"type-post","3":"status-publish","4":"format-standard","5":"has-post-thumbnail","7":"category-varlden","8":"tag-breaking-news","9":"tag-breakingnews","10":"tag-featured-news","11":"tag-featurednews","12":"tag-headlines","13":"tag-huvudnyheter","14":"tag-latest-news","15":"tag-latestnews","16":"tag-main-news","17":"tag-mainnews","18":"tag-news","19":"tag-nyheter","20":"tag-rubriker","21":"tag-se","22":"tag-svenska","23":"tag-sverige","24":"tag-sweden","25":"tag-swedish","26":"tag-top-stories","27":"tag-topstories","28":"tag-varlden","29":"tag-world","30":"tag-world-news","31":"tag-worldnews"},"share_on_mastodon":{"url":"https:\/\/pubeurope.com\/@se\/115820373184537633","error":""},"_links":{"self":[{"href":"https:\/\/www.europesays.com\/se\/wp-json\/wp\/v2\/posts\/122641","targetHints":{"allow":["GET"]}}],"collection":[{"href":"https:\/\/www.europesays.com\/se\/wp-json\/wp\/v2\/posts"}],"about":[{"href":"https:\/\/www.europesays.com\/se\/wp-json\/wp\/v2\/types\/post"}],"author":[{"embeddable":true,"href":"https:\/\/www.europesays.com\/se\/wp-json\/wp\/v2\/users\/2"}],"replies":[{"embeddable":true,"href":"https:\/\/www.europesays.com\/se\/wp-json\/wp\/v2\/comments?post=122641"}],"version-history":[{"count":0,"href":"https:\/\/www.europesays.com\/se\/wp-json\/wp\/v2\/posts\/122641\/revisions"}],"wp:featuredmedia":[{"embeddable":true,"href":"https:\/\/www.europesays.com\/se\/wp-json\/wp\/v2\/media\/122642"}],"wp:attachment":[{"href":"https:\/\/www.europesays.com\/se\/wp-json\/wp\/v2\/media?parent=122641"}],"wp:term":[{"taxonomy":"category","embeddable":true,"href":"https:\/\/www.europesays.com\/se\/wp-json\/wp\/v2\/categories?post=122641"},{"taxonomy":"post_tag","embeddable":true,"href":"https:\/\/www.europesays.com\/se\/wp-json\/wp\/v2\/tags?post=122641"}],"curies":[{"name":"wp","href":"https:\/\/api.w.org\/{rel}","templated":true}]}}