{"id":122643,"date":"2026-01-01T14:44:27","date_gmt":"2026-01-01T14:44:27","guid":{"rendered":"https:\/\/www.europesays.com\/se\/122643\/"},"modified":"2026-01-01T14:44:27","modified_gmt":"2026-01-01T14:44:27","slug":"installda-nattag-till-norrbotten-svt-nyheter","status":"publish","type":"post","link":"https:\/\/www.europesays.com\/se\/122643\/","title":{"rendered":"Inst\u00e4llda natt\u00e5g till Norrbotten | SVT Nyheter"},"content":{"rendered":"<p>SJs natt\u00e5g som skulle ha avg\u00e5tt fr\u00e5n Stockholm klockan 18:12 mot Boden-Riksgr\u00e4nsen st\u00e4lls in till f\u00f6ljd av det sn\u00f6ov\u00e4der som v\u00e4ntas sl\u00e5 h\u00e5rt mot framf\u00f6rallt G\u00e4vleomr\u00e5det under ny\u00e5rsdagen. <\/p>\n<p>\u00c4ven avg\u00e5ngen Stockholm-Lule\u00e5 21:55 p\u00e5 ny\u00e5rsdagen st\u00e4lls in av samma anledning.<\/p>\n<p>Samma sak g\u00e4ller natt\u00e5gen som g\u00e5r s\u00f6derut fr\u00e5n Norrbotten till Stockholm under ny\u00e5rsdagen.<\/p>\n","protected":false},"excerpt":{"rendered":"SJs natt\u00e5g som skulle ha avg\u00e5tt fr\u00e5n Stockholm klockan 18:12 mot Boden-Riksgr\u00e4nsen st\u00e4lls in till f\u00f6ljd av det&hellip;\n","protected":false},"author":2,"featured_media":122644,"comment_status":"","ping_status":"","sticky":false,"template":"","format":"standard","meta":{"footnotes":""},"categories":[5],"tags":[22,23,26,27,17,21,24,25,28,29,15,16,18,34,31,33,32,30,19,20],"class_list":{"0":"post-122643","1":"post","2":"type-post","3":"status-publish","4":"format-standard","5":"has-post-thumbnail","7":"category-rubriker","8":"tag-breaking-news","9":"tag-breakingnews","10":"tag-featured-news","11":"tag-featurednews","12":"tag-headlines","13":"tag-huvudnyheter","14":"tag-latest-news","15":"tag-latestnews","16":"tag-main-news","17":"tag-mainnews","18":"tag-news","19":"tag-nyheter","20":"tag-rubriker","21":"tag-se","22":"tag-svenska","23":"tag-sverige","24":"tag-sweden","25":"tag-swedish","26":"tag-top-stories","27":"tag-topstories"},"share_on_mastodon":{"url":"https:\/\/pubeurope.com\/@se\/115820380958678273","error":""},"_links":{"self":[{"href":"https:\/\/www.europesays.com\/se\/wp-json\/wp\/v2\/posts\/122643","targetHints":{"allow":["GET"]}}],"collection":[{"href":"https:\/\/www.europesays.com\/se\/wp-json\/wp\/v2\/posts"}],"about":[{"href":"https:\/\/www.europesays.com\/se\/wp-json\/wp\/v2\/types\/post"}],"author":[{"embeddable":true,"href":"https:\/\/www.europesays.com\/se\/wp-json\/wp\/v2\/users\/2"}],"replies":[{"embeddable":true,"href":"https:\/\/www.europesays.com\/se\/wp-json\/wp\/v2\/comments?post=122643"}],"version-history":[{"count":0,"href":"https:\/\/www.europesays.com\/se\/wp-json\/wp\/v2\/posts\/122643\/revisions"}],"wp:featuredmedia":[{"embeddable":true,"href":"https:\/\/www.europesays.com\/se\/wp-json\/wp\/v2\/media\/122644"}],"wp:attachment":[{"href":"https:\/\/www.europesays.com\/se\/wp-json\/wp\/v2\/media?parent=122643"}],"wp:term":[{"taxonomy":"category","embeddable":true,"href":"https:\/\/www.europesays.com\/se\/wp-json\/wp\/v2\/categories?post=122643"},{"taxonomy":"post_tag","embeddable":true,"href":"https:\/\/www.europesays.com\/se\/wp-json\/wp\/v2\/tags?post=122643"}],"curies":[{"name":"wp","href":"https:\/\/api.w.org\/{rel}","templated":true}]}}