{"id":122647,"date":"2026-01-01T14:52:08","date_gmt":"2026-01-01T14:52:08","guid":{"rendered":"https:\/\/www.europesays.com\/se\/122647\/"},"modified":"2026-01-01T14:52:08","modified_gmt":"2026-01-01T14:52:08","slug":"snoovadret-drar-in-flera-varningar","status":"publish","type":"post","link":"https:\/\/www.europesays.com\/se\/122647\/","title":{"rendered":"Sn\u00f6ov\u00e4dret drar in \u2013 flera varningar"},"content":{"rendered":"<p>Extrema m\u00e4ngder sn\u00f6 och kraftiga vindar drabbar Sverige nu n\u00e4r ov\u00e4dret Anna sl\u00e5r till. SMHI har utf\u00e4rdat v\u00e4dervarningar i halva landet, med en r\u00f6d varning i delar av G\u00e4vleborg. <\/p>\n<p>I G\u00e4vleborg, d\u00e4r den r\u00f6da varningen g\u00e4ller fr\u00e5n klockan 15.00 p\u00e5 torsdagen till klockan 07.00 p\u00e5 fredagen, kan runt en halvmeter sn\u00f6 falla. Dessutom har orange och gula varningar f\u00f6r sn\u00f6 och vind utf\u00e4rdats f\u00f6r st\u00f6rre omr\u00e5den i Svealand och Norrland. <\/p>\n<p>\u00c4ven i delar av G\u00f6taland har en gul varning f\u00f6r sn\u00f6fall utf\u00e4rdats. Den g\u00e4ller fr\u00e5n 18.00 p\u00e5 ny\u00e5rsdagen. <\/p>\n","protected":false},"excerpt":{"rendered":"Extrema m\u00e4ngder sn\u00f6 och kraftiga vindar drabbar Sverige nu n\u00e4r ov\u00e4dret Anna sl\u00e5r till. SMHI har utf\u00e4rdat v\u00e4dervarningar&hellip;\n","protected":false},"author":2,"featured_media":793,"comment_status":"","ping_status":"","sticky":false,"template":"","format":"standard","meta":{"footnotes":""},"categories":[12],"tags":[22,23,26,27,17,21,24,25,28,29,15,16,18,34,31,33,32,30,19,20],"class_list":{"0":"post-122647","1":"post","2":"type-post","3":"status-publish","4":"format-standard","5":"has-post-thumbnail","7":"category-sverige","8":"tag-breaking-news","9":"tag-breakingnews","10":"tag-featured-news","11":"tag-featurednews","12":"tag-headlines","13":"tag-huvudnyheter","14":"tag-latest-news","15":"tag-latestnews","16":"tag-main-news","17":"tag-mainnews","18":"tag-news","19":"tag-nyheter","20":"tag-rubriker","21":"tag-se","22":"tag-svenska","23":"tag-sverige","24":"tag-sweden","25":"tag-swedish","26":"tag-top-stories","27":"tag-topstories"},"share_on_mastodon":{"url":"https:\/\/pubeurope.com\/@se\/115820412514100439","error":""},"_links":{"self":[{"href":"https:\/\/www.europesays.com\/se\/wp-json\/wp\/v2\/posts\/122647","targetHints":{"allow":["GET"]}}],"collection":[{"href":"https:\/\/www.europesays.com\/se\/wp-json\/wp\/v2\/posts"}],"about":[{"href":"https:\/\/www.europesays.com\/se\/wp-json\/wp\/v2\/types\/post"}],"author":[{"embeddable":true,"href":"https:\/\/www.europesays.com\/se\/wp-json\/wp\/v2\/users\/2"}],"replies":[{"embeddable":true,"href":"https:\/\/www.europesays.com\/se\/wp-json\/wp\/v2\/comments?post=122647"}],"version-history":[{"count":0,"href":"https:\/\/www.europesays.com\/se\/wp-json\/wp\/v2\/posts\/122647\/revisions"}],"wp:featuredmedia":[{"embeddable":true,"href":"https:\/\/www.europesays.com\/se\/wp-json\/wp\/v2\/media\/793"}],"wp:attachment":[{"href":"https:\/\/www.europesays.com\/se\/wp-json\/wp\/v2\/media?parent=122647"}],"wp:term":[{"taxonomy":"category","embeddable":true,"href":"https:\/\/www.europesays.com\/se\/wp-json\/wp\/v2\/categories?post=122647"},{"taxonomy":"post_tag","embeddable":true,"href":"https:\/\/www.europesays.com\/se\/wp-json\/wp\/v2\/tags?post=122647"}],"curies":[{"name":"wp","href":"https:\/\/api.w.org\/{rel}","templated":true}]}}