{"id":122652,"date":"2026-01-01T15:00:11","date_gmt":"2026-01-01T15:00:11","guid":{"rendered":"https:\/\/www.europesays.com\/se\/122652\/"},"modified":"2026-01-01T15:00:11","modified_gmt":"2026-01-01T15:00:11","slug":"butik-i-malmo-salde-fyrverkerier-till-minderariga","status":"publish","type":"post","link":"https:\/\/www.europesays.com\/se\/122652\/","title":{"rendered":"Butik i Malm\u00f6 s\u00e5lde fyrverkerier till minder\u00e5riga"},"content":{"rendered":"<p>Under ny\u00e5rsafton fick polisen tips om att en butik i Malm\u00f6 s\u00e5lde fyrverkerier till minder\u00e5riga. V\u00e4l p\u00e5 plats s\u00e5g de tv\u00e5 16-\u00e5riga killar l\u00e4mna butiken med en m\u00e4ngd fyrverkeripj\u00e4ser som beslagtogs.<\/p>\n<p>\u2013 Vi hittade \u00e4ven en del inne i butiken, s\u00e4ger Leif Fransson. <\/p>\n<p>Polis kontaktade r\u00e4ddningstj\u00e4nsten som tog beslut om att f\u00f6rs\u00e4ljningen skulle upph\u00f6ra omedelbart. N\u00e5gra timmar senare hade butiks\u00e4garen plockat bort dem.<\/p>\n<p>En anm\u00e4lan om brott mot brandfarliga och explosiva varor har skrivits.<\/p>\n","protected":false},"excerpt":{"rendered":"Under ny\u00e5rsafton fick polisen tips om att en butik i Malm\u00f6 s\u00e5lde fyrverkerier till minder\u00e5riga. V\u00e4l p\u00e5 plats&hellip;\n","protected":false},"author":2,"featured_media":793,"comment_status":"","ping_status":"","sticky":false,"template":"","format":"standard","meta":{"footnotes":""},"categories":[12],"tags":[22,23,26,27,17,21,24,25,28,29,15,16,18,34,31,33,32,30,19,20],"class_list":{"0":"post-122652","1":"post","2":"type-post","3":"status-publish","4":"format-standard","5":"has-post-thumbnail","7":"category-sverige","8":"tag-breaking-news","9":"tag-breakingnews","10":"tag-featured-news","11":"tag-featurednews","12":"tag-headlines","13":"tag-huvudnyheter","14":"tag-latest-news","15":"tag-latestnews","16":"tag-main-news","17":"tag-mainnews","18":"tag-news","19":"tag-nyheter","20":"tag-rubriker","21":"tag-se","22":"tag-svenska","23":"tag-sverige","24":"tag-sweden","25":"tag-swedish","26":"tag-top-stories","27":"tag-topstories"},"share_on_mastodon":{"url":"https:\/\/pubeurope.com\/@se\/115820444166433217","error":""},"_links":{"self":[{"href":"https:\/\/www.europesays.com\/se\/wp-json\/wp\/v2\/posts\/122652","targetHints":{"allow":["GET"]}}],"collection":[{"href":"https:\/\/www.europesays.com\/se\/wp-json\/wp\/v2\/posts"}],"about":[{"href":"https:\/\/www.europesays.com\/se\/wp-json\/wp\/v2\/types\/post"}],"author":[{"embeddable":true,"href":"https:\/\/www.europesays.com\/se\/wp-json\/wp\/v2\/users\/2"}],"replies":[{"embeddable":true,"href":"https:\/\/www.europesays.com\/se\/wp-json\/wp\/v2\/comments?post=122652"}],"version-history":[{"count":0,"href":"https:\/\/www.europesays.com\/se\/wp-json\/wp\/v2\/posts\/122652\/revisions"}],"wp:featuredmedia":[{"embeddable":true,"href":"https:\/\/www.europesays.com\/se\/wp-json\/wp\/v2\/media\/793"}],"wp:attachment":[{"href":"https:\/\/www.europesays.com\/se\/wp-json\/wp\/v2\/media?parent=122652"}],"wp:term":[{"taxonomy":"category","embeddable":true,"href":"https:\/\/www.europesays.com\/se\/wp-json\/wp\/v2\/categories?post=122652"},{"taxonomy":"post_tag","embeddable":true,"href":"https:\/\/www.europesays.com\/se\/wp-json\/wp\/v2\/tags?post=122652"}],"curies":[{"name":"wp","href":"https:\/\/api.w.org\/{rel}","templated":true}]}}