{"id":122653,"date":"2026-01-01T15:01:24","date_gmt":"2026-01-01T15:01:24","guid":{"rendered":"https:\/\/www.europesays.com\/se\/122653\/"},"modified":"2026-01-01T15:01:24","modified_gmt":"2026-01-01T15:01:24","slug":"ingenting-tyder-pa-att-ukraina-attackerade-putins-residens-enligt-wall-street-journal","status":"publish","type":"post","link":"https:\/\/www.europesays.com\/se\/122653\/","title":{"rendered":"Ingenting tyder p\u00e5 att Ukraina attackerade Putins residens, enligt Wall Street Journal"},"content":{"rendered":"<p>Publicerad 1 jan 2026 kl 09.34Uppdaterad kl 14.32<\/p>\n<p>Ingenting tyder p\u00e5 att Ukraina attackerade Putins lyxresidens i Novgorod.<\/p>\n<p>Det skriver Wall Street Journal med h\u00e4nvisning till k\u00e4llor inom CIA.<\/p>\n<p>Samtidigt tycks Trump ha ilsknat rej\u00e4lt p\u00e5 Putin.<\/p>\n<p>H\u00e4vdar att Ukraina attackerat \u2022\u00a0Zelenskyj: \u201dP\u00e5hittat\u201d<img loading=\"lazy\"   alt=\"\"\/><\/p>\n<p>Senare publicerade Kreml en bild p\u00e5 en p\u00e5st\u00e5dd dr\u00f6nare som skjutits ned \u00f6ver bostaden.<\/p>\n<p>Foto: AP \/ AP TT NYHETSBYR\u00c5N<\/p>\n<p>\u00d6ppna bild i helsk\u00e4rm<img loading=\"lazy\"   alt=\"\"\/><\/p>\n<p>Trump ser ocks\u00e5 ut att ha \u00e4ndrat sig kring h\u00e4ndelsen, och verkar nu vara inne p\u00e5 att en attack inte har skett.<\/p>\n<p>Foto: MIKHAIL METZEL \/ AP TT NYHETSBYR\u00c5N<\/p>\n<p>\u00d6ppna bild i helsk\u00e4rm<img loading=\"lazy\"   alt=\"\"\/><\/p>\n<p>En \u201dskrattretande\u201d f\u00f6rs\u00f6k till att bevisa att en attack \u00e4gt rum, enligt Ukraina.<\/p>\n<p>Foto: ALEX BRANDON \/ AP TT NYHETSBYR\u00c5N<\/p>\n<p>\u00d6ppna bild i helsk\u00e4rm<img loading=\"lazy\"   alt=\"\"\/><\/p>\n<p>Samtidigt tycks Trump ha ilsknat rej\u00e4lt p\u00e5 Putin.<\/p>\n<p>Foto: AARON SCHWARTZ &#8211; POOL VIA CNP \/ CNP \/ POLARIS POLARIS IMAGES<\/p>\n<p>\u00d6ppna bild i helsk\u00e4rm<\/p>\n<p>Bara timmar efter Trump och Zelenskyjs m\u00f6te i Florida i m\u00e5ndags h\u00e4vdade ryska statliga Tass att Ukraina attackerat Putins lyxresidens i Novgorod.<\/p>\n<p>\u2013 Jag fick veta det h\u00e4r av president Putin i morse. Jag var v\u00e4ldigt arg \u00f6ver det. Det \u00e4r m\u00f6jligt att det inte \u00e4r sant, att n\u00e5gon s\u00e5dan attack inte har \u00e4gt rum. Men president Putin sa till mig att de hade gjort det, sa Trump efter\u00e5t.<\/p>\n<p>Men bevisen f\u00f6r att en attack \u00e4gde rum \u00e4r f\u00e5.<\/p>\n<p>Nu verkar USA:s underr\u00e4ttelsetj\u00e4nst ha kommit fram till att en attack inte har \u00e4gt rum, skriver Wall Street Journal.<\/p>\n<p>\u201dValde i st\u00e4llet att spotta USA i ansiktet\u201d<\/p>\n<p>CIA bed\u00f6mer att en attack ska ha \u00e4gt rum i Novgorod-regionen mot ett milit\u00e4rt m\u00e5l, men det m\u00e5let l\u00e5g \u201dinte alls n\u00e4ra\u201d sommarresidenset.<\/p>\n<p>Trump ser ocks\u00e5 ut att ha \u00e4ndrat sig kring h\u00e4ndelsen, och verkar nu vara inne p\u00e5 att attacken inte var riktad mot Putin.<\/p>\n<p>P\u00e5 Truth Social har han p\u00e5 ny\u00e5rsaftons kv\u00e4ll \u00e5terpublicerat en debattartikel fr\u00e5n New York Post som kraftigt kritiserar den ryske presidenten.<\/p>\n<p>\u201dDr\u00f6narattacken intr\u00e4ffade sannolikt aldrig. Zelenskyj f\u00f6rnekade den kraftfullt. Peskov sade att Ryssland inte kunde l\u00e4gga fram n\u00e5gra bevis och uppmanade pressen att \u201dta Kreml p\u00e5 orden\u201d, skriver New York Posts debattredaktion.<\/p>\n<p>\u201dI det h\u00e4r fallet pekar sunt f\u00f6rnuft p\u00e5 en fabricerad eller \u00f6verdriven ber\u00e4ttelse, avsedd att ge Ryssland en urs\u00e4kt att avvisa Trumps framsteg. Precis som i Alaska erbj\u00f6ds Putin fred \u2013 och valde i st\u00e4llet att spotta USA i ansiktet.\u201d<\/p>\n<p>Svaret efter bilderna: \u201dSkrattretande\u201d<\/p>\n<p>Senare publicerade Kreml en bild p\u00e5 en p\u00e5st\u00e5dd dr\u00f6nare som skjutits ned \u00f6ver bostaden. En \u201dskrattretande\u201d f\u00f6rs\u00f6k till att bevisa att en attack \u00e4gt rum, enligt Ukraina.<\/p>\n<p>\u2013 De tar inte ens sitt eget p\u00e5hitt p\u00e5 allvar, s\u00e4ger Heorj Tykji, talesperson f\u00f6r Ukrainas utrikesdepartement, till Reuters.<\/p>\n<p>P\u00e5 ny\u00e5rsafton h\u00f6ll Putin ett tal till nationen d\u00e4r han manade till sina trupper.<\/p>\n<p>\u2013 Ni har tagit p\u00e5 er ansvaret att k\u00e4mpa f\u00f6r ert fosterland, f\u00f6r sanningen och r\u00e4ttvisan. Vi tror p\u00e5 er och p\u00e5 v\u00e5r seger, sa Putin.<\/p>\n<p>Han kommenterade inte den p\u00e5st\u00e5dda attacken.<\/p>\n<p><strong>L\u00c4S MER: <\/strong><a href=\"https:\/\/www.expressen.se\/nyheter\/varlden\/analys-inga-bevis-for-pastadd-attack\/\" class=\"\" rel=\"nofollow noopener\" target=\"_blank\">Analys: Inga bevis f\u00f6r p\u00e5st\u00e5dd attack<\/a><strong>L\u00c4S MER: <\/strong><a href=\"https:\/\/www.expressen.se\/nyheter\/varlden\/putins-nya-miljardpalats-efter-attackpastaendet\/\" class=\"\" rel=\"nofollow noopener\" target=\"_blank\">Putins nya miljardpalats \u2013 efter attackp\u00e5st\u00e5endet<\/a><\/p>\n","protected":false},"excerpt":{"rendered":"Publicerad 1 jan 2026 kl 09.34Uppdaterad kl 14.32 Ingenting tyder p\u00e5 att Ukraina attackerade Putins lyxresidens i Novgorod.&hellip;\n","protected":false},"author":2,"featured_media":122654,"comment_status":"","ping_status":"","sticky":false,"template":"","format":"standard","meta":{"footnotes":""},"categories":[5],"tags":[22,23,26,27,17,21,24,25,28,29,15,16,198,203,18,34,55,31,33,32,30,19,60,20],"class_list":{"0":"post-122653","1":"post","2":"type-post","3":"status-publish","4":"format-standard","5":"has-post-thumbnail","7":"category-rubriker","8":"tag-breaking-news","9":"tag-breakingnews","10":"tag-featured-news","11":"tag-featurednews","12":"tag-headlines","13":"tag-huvudnyheter","14":"tag-latest-news","15":"tag-latestnews","16":"tag-main-news","17":"tag-mainnews","18":"tag-news","19":"tag-nyheter","20":"tag-person-donald-trump","21":"tag-person-vladimir-putin","22":"tag-rubriker","23":"tag-se","24":"tag-sections-varlden","25":"tag-svenska","26":"tag-sverige","27":"tag-sweden","28":"tag-swedish","29":"tag-top-stories","30":"tag-topic-krig-konflikt","31":"tag-topstories"},"share_on_mastodon":{"url":"https:\/\/pubeurope.com\/@se\/115820447915278533","error":""},"_links":{"self":[{"href":"https:\/\/www.europesays.com\/se\/wp-json\/wp\/v2\/posts\/122653","targetHints":{"allow":["GET"]}}],"collection":[{"href":"https:\/\/www.europesays.com\/se\/wp-json\/wp\/v2\/posts"}],"about":[{"href":"https:\/\/www.europesays.com\/se\/wp-json\/wp\/v2\/types\/post"}],"author":[{"embeddable":true,"href":"https:\/\/www.europesays.com\/se\/wp-json\/wp\/v2\/users\/2"}],"replies":[{"embeddable":true,"href":"https:\/\/www.europesays.com\/se\/wp-json\/wp\/v2\/comments?post=122653"}],"version-history":[{"count":0,"href":"https:\/\/www.europesays.com\/se\/wp-json\/wp\/v2\/posts\/122653\/revisions"}],"wp:featuredmedia":[{"embeddable":true,"href":"https:\/\/www.europesays.com\/se\/wp-json\/wp\/v2\/media\/122654"}],"wp:attachment":[{"href":"https:\/\/www.europesays.com\/se\/wp-json\/wp\/v2\/media?parent=122653"}],"wp:term":[{"taxonomy":"category","embeddable":true,"href":"https:\/\/www.europesays.com\/se\/wp-json\/wp\/v2\/categories?post=122653"},{"taxonomy":"post_tag","embeddable":true,"href":"https:\/\/www.europesays.com\/se\/wp-json\/wp\/v2\/tags?post=122653"}],"curies":[{"name":"wp","href":"https:\/\/api.w.org\/{rel}","templated":true}]}}