{"id":122659,"date":"2026-01-01T15:09:10","date_gmt":"2026-01-01T15:09:10","guid":{"rendered":"https:\/\/www.europesays.com\/se\/122659\/"},"modified":"2026-01-01T15:09:10","modified_gmt":"2026-01-01T15:09:10","slug":"skavsta-oppnar-parkering-for-hundar-pa-nyar","status":"publish","type":"post","link":"https:\/\/www.europesays.com\/se\/122659\/","title":{"rendered":"Skavsta \u00f6ppnar parkering f\u00f6r hundar p\u00e5 ny\u00e5r"},"content":{"rendered":"<p>&#8221;Ta med era fyrbenta v\u00e4nner och spendera ny\u00e5r p\u00e5 Stockholm Skavsta Flygplats!&#8221;, skrev Skavstas vd Brett Weihart p\u00e5 flygplatsens sociala medier under tisdagen.\u00a0P\u00e5 ny\u00e5rsafton kommer korttidsparkeringen p\u00e5 Stockholm Skavsta i Nyk\u00f6ping vara \u00f6ppen f\u00f6r alla hundar och hund\u00e4gare som vill fly raketerna i stan. Det kommer vara gratis att parkera d\u00e4r mellan klockan 22.00 och 02<\/p>\n","protected":false},"excerpt":{"rendered":"&#8221;Ta med era fyrbenta v\u00e4nner och spendera ny\u00e5r p\u00e5 Stockholm Skavsta Flygplats!&#8221;, skrev Skavstas vd Brett Weihart p\u00e5&hellip;\n","protected":false},"author":2,"featured_media":122660,"comment_status":"","ping_status":"","sticky":false,"template":"","format":"standard","meta":{"footnotes":""},"categories":[12],"tags":[22,23,26,27,17,21,24,25,28,29,15,16,18,34,31,33,32,30,19,20],"class_list":{"0":"post-122659","1":"post","2":"type-post","3":"status-publish","4":"format-standard","5":"has-post-thumbnail","7":"category-sverige","8":"tag-breaking-news","9":"tag-breakingnews","10":"tag-featured-news","11":"tag-featurednews","12":"tag-headlines","13":"tag-huvudnyheter","14":"tag-latest-news","15":"tag-latestnews","16":"tag-main-news","17":"tag-mainnews","18":"tag-news","19":"tag-nyheter","20":"tag-rubriker","21":"tag-se","22":"tag-svenska","23":"tag-sverige","24":"tag-sweden","25":"tag-swedish","26":"tag-top-stories","27":"tag-topstories"},"share_on_mastodon":{"url":"https:\/\/pubeurope.com\/@se\/115820479543893292","error":""},"_links":{"self":[{"href":"https:\/\/www.europesays.com\/se\/wp-json\/wp\/v2\/posts\/122659","targetHints":{"allow":["GET"]}}],"collection":[{"href":"https:\/\/www.europesays.com\/se\/wp-json\/wp\/v2\/posts"}],"about":[{"href":"https:\/\/www.europesays.com\/se\/wp-json\/wp\/v2\/types\/post"}],"author":[{"embeddable":true,"href":"https:\/\/www.europesays.com\/se\/wp-json\/wp\/v2\/users\/2"}],"replies":[{"embeddable":true,"href":"https:\/\/www.europesays.com\/se\/wp-json\/wp\/v2\/comments?post=122659"}],"version-history":[{"count":0,"href":"https:\/\/www.europesays.com\/se\/wp-json\/wp\/v2\/posts\/122659\/revisions"}],"wp:featuredmedia":[{"embeddable":true,"href":"https:\/\/www.europesays.com\/se\/wp-json\/wp\/v2\/media\/122660"}],"wp:attachment":[{"href":"https:\/\/www.europesays.com\/se\/wp-json\/wp\/v2\/media?parent=122659"}],"wp:term":[{"taxonomy":"category","embeddable":true,"href":"https:\/\/www.europesays.com\/se\/wp-json\/wp\/v2\/categories?post=122659"},{"taxonomy":"post_tag","embeddable":true,"href":"https:\/\/www.europesays.com\/se\/wp-json\/wp\/v2\/tags?post=122659"}],"curies":[{"name":"wp","href":"https:\/\/api.w.org\/{rel}","templated":true}]}}