{"id":122661,"date":"2026-01-01T15:10:12","date_gmt":"2026-01-01T15:10:12","guid":{"rendered":"https:\/\/www.europesays.com\/se\/122661\/"},"modified":"2026-01-01T15:10:12","modified_gmt":"2026-01-01T15:10:12","slug":"davos-rasmus-asplund-vann-spengler-cup","status":"publish","type":"post","link":"https:\/\/www.europesays.com\/se\/122661\/","title":{"rendered":"Davos, Rasmus Asplund, vann Spengler Cup"},"content":{"rendered":"<p><strong>Arlbrandt byter Link\u00f6ping mot schweiziska ligan\u2026<\/strong><br \/>P\u00e4r Arlbrandt, 43, \u00e4r fr\u00e5n \u00e5rsskiftet ny assisterande tr\u00e4nare i schweiziska ligalaget SCL Tigers fr\u00e5n Langnau, just nu p\u00e5 nionde plats i National League. Arlbrandt var tidigare assisterande tr\u00e4nare i Link\u00f6ping. I Tigers finns likaledes HV-veteranen Andr\u00e9 Pettersson, 35, som nyligen f\u00f6rl\u00e4ngde kontraktet med ett \u00e5r.<\/p>\n<p><strong>\u2026 d\u00e4r m\u00e5lvakten Victor \u00d6stlund tar ett stort steg upp\u00e5t<\/strong><br \/>Efter \u00e5tta mycket stabila \u00e5r i La-Chaux-De-Fonds i schweiziska andraligan, byter AIK-fostrade m\u00e5lvakten Victor \u00d6stlund, 31, upp sig till toppligan och Biel-Bienne, just p\u00e5 elfte plats. Victor \u00d6stlund \u00e4r son till Djurg\u00e5rdens och Tre Kronor m\u00e5lvakt Thomas \u00d6stlund.<\/p>\n<p><strong>Snart dags ocks\u00e5 f\u00f6r JVM under eliten<\/strong><br \/>\u201dStora JVM\u201d p\u00e5g\u00e5r f\u00f6r fullt, och snart forts\u00e4tter JVM-cirkusen med Div II (Grupp A) i rum\u00e4nska Bukarest den 4-10 januari och Grupp B i Belgrad, Serbien, den 18-24 januari. JVM Division III inleds med grupp A i bulgariska Sofia den 19-25 januari och med Grupp B i Bishkek i Kirgizistan den 18-24 januari.<\/p>\n<p><strong>Henrik Marklund unik svensk i ungerska ligan<\/strong><br \/>Henrik Marklund i DVTK Jegesmedv\u00e9k fr\u00e5n Miskolc \u00e4r ende svensk i ungerska toppligan Erste Liga. Den 31-\u00e5rige forwarden, hockeyfostrad i SK Lejon i Skellefte\u00e5, spelade \u00e5tta matcher f\u00f6r Skellefte\u00e5 i SHL 2013-14 och har tagit v\u00e4gen till Ungern via Hudiksvall och allsvenska \u00d6stersund. Marklund har gjort 15 po\u00e4ng (5+10) p\u00e5 24 matcher. Ligan best\u00e5r av nio lag, fem fr\u00e5n Ungern och fyra fr\u00e5n Rum\u00e4nien. Jegesmedv\u00e9k (Isbj\u00f6rnarna) ligger just nu p\u00e5 femte plats. Rum\u00e4nska Corona Brasov, tr\u00e4nat av britten Matthew Myers som spelade 25 \u00e5r i brittiska ligan, toppar tabellen.<\/p>\n<p><strong>Storpublik n\u00e4r damligan PWHL spelar<\/strong><br \/>Medan svenska SDHL dras med publiksiffror p\u00e5 i b\u00e4sta fall ett par hundra personer, forts\u00e4tter den nordamerikanska damligan PWHL att g\u00f6ra publiksucc\u00e9. I ligans take over-tour, d\u00e4r lagen spelar p\u00e5 orter som \u00e4nnu inte har n\u00e5got damlag, vann New York Sirens med 4-3 \u00f6ver Seattle Torrent i American Airlines Center i Dallas inf\u00f6r 8 514 \u00e5sk\u00e5dare. I Rogers Place i Edmonton s\u00e5g 10 264 \u00e5sk\u00e5dare Minnesota Frost besegra Vancouver Goldeneyes med 2-1. Och i en \u201dvanlig\u201d ligamatch i Bell Centre i Montreal vann Toronto Sceptres \u00f6ver Montreal Victoire inf\u00f6r 18 107 \u00e5sk\u00e5dare. Anna Kjellbin spelade fram till ett av Torontos m\u00e5l.<\/p>\n<p><strong>Djurg\u00e5rden-\u00d6rebro, Lule\u00e5-L\u00f6ven i semi i U20-cupen\u2026<\/strong><br \/>Djurg\u00e5rden mot \u00d6rebro och Lule\u00e5 mot Bj\u00f6rkl\u00f6ven. S\u00e5 spelas semifinalerna i Svenska U20-cupen s\u00f6ndagen den 4 januari. Finalen och bronsmatchen spelas i \u00d6rebro p\u00e5 m\u00e5ndagen.<\/p>\n<p>Malm\u00f6, som kvalade in till semifinalen, drog sig av ekonomiska sk\u00e4l ur U20-cupen liksom Mora gjorde redan innan turneringen startade. Budet att spela semifinal gick d\u00e5 till b\u00e4sta grupptv\u00e5an, Bj\u00f6rkl\u00f6ven. Det i turneringen som skapades f\u00f6r att ge spelarna i U20-\u00e5ldern fler meningsfulla matcher. Turneringen inleddes med ett geografiskt uppbyggt gruppspel. Lule\u00e5 (nio po\u00e4ng) vann grupp A, f\u00f6re Bj\u00f6rkl\u00f6ven (8). \u00d6rebro (6) vann grupp B medan Djurg\u00e5rden (9) tog hem grupp C och Malm\u00f6 grupp D (11 po\u00e4ng).<\/p>\n<p><strong>\u2026 d\u00e4r unge Emvall g\u00e5r i pappas fotsp\u00e5r<\/strong><br \/>Rasmus Becker och Gustav Andersson \u00d6berg dominerar po\u00e4ngstatistiken i U20-cupen. De tv\u00e5 L\u00f6ven-forwardsen har gjort tio (2+8) respektive nio po\u00e4ng (4+5) och toppar cupens po\u00e4ngliga. Trea p\u00e5 \u00e5tta po\u00e4ng (3+5) \u00e5terfinns Link\u00f6pings Oscar Emvall, och om namnet \u00e4r bekant s\u00e5 \u00e4r det f\u00f6r att pappa Fredrik spelade n\u00e4rmare 600 matcher f\u00f6r Link\u00f6ping i SHL och 43 landskamper med Tre Kronor.<\/p>\n","protected":false},"excerpt":{"rendered":"Arlbrandt byter Link\u00f6ping mot schweiziska ligan\u2026P\u00e4r Arlbrandt, 43, \u00e4r fr\u00e5n \u00e5rsskiftet ny assisterande tr\u00e4nare i schweiziska ligalaget SCL&hellip;\n","protected":false},"author":2,"featured_media":122662,"comment_status":"","ping_status":"","sticky":false,"template":"","format":"standard","meta":{"footnotes":""},"categories":[5],"tags":[22,23,26,27,17,21,24,25,28,29,15,16,18,34,31,33,32,30,19,20],"class_list":{"0":"post-122661","1":"post","2":"type-post","3":"status-publish","4":"format-standard","5":"has-post-thumbnail","7":"category-rubriker","8":"tag-breaking-news","9":"tag-breakingnews","10":"tag-featured-news","11":"tag-featurednews","12":"tag-headlines","13":"tag-huvudnyheter","14":"tag-latest-news","15":"tag-latestnews","16":"tag-main-news","17":"tag-mainnews","18":"tag-news","19":"tag-nyheter","20":"tag-rubriker","21":"tag-se","22":"tag-svenska","23":"tag-sverige","24":"tag-sweden","25":"tag-swedish","26":"tag-top-stories","27":"tag-topstories"},"share_on_mastodon":{"url":"https:\/\/pubeurope.com\/@se\/115820483232165628","error":""},"_links":{"self":[{"href":"https:\/\/www.europesays.com\/se\/wp-json\/wp\/v2\/posts\/122661","targetHints":{"allow":["GET"]}}],"collection":[{"href":"https:\/\/www.europesays.com\/se\/wp-json\/wp\/v2\/posts"}],"about":[{"href":"https:\/\/www.europesays.com\/se\/wp-json\/wp\/v2\/types\/post"}],"author":[{"embeddable":true,"href":"https:\/\/www.europesays.com\/se\/wp-json\/wp\/v2\/users\/2"}],"replies":[{"embeddable":true,"href":"https:\/\/www.europesays.com\/se\/wp-json\/wp\/v2\/comments?post=122661"}],"version-history":[{"count":0,"href":"https:\/\/www.europesays.com\/se\/wp-json\/wp\/v2\/posts\/122661\/revisions"}],"wp:featuredmedia":[{"embeddable":true,"href":"https:\/\/www.europesays.com\/se\/wp-json\/wp\/v2\/media\/122662"}],"wp:attachment":[{"href":"https:\/\/www.europesays.com\/se\/wp-json\/wp\/v2\/media?parent=122661"}],"wp:term":[{"taxonomy":"category","embeddable":true,"href":"https:\/\/www.europesays.com\/se\/wp-json\/wp\/v2\/categories?post=122661"},{"taxonomy":"post_tag","embeddable":true,"href":"https:\/\/www.europesays.com\/se\/wp-json\/wp\/v2\/tags?post=122661"}],"curies":[{"name":"wp","href":"https:\/\/api.w.org\/{rel}","templated":true}]}}