{"id":122663,"date":"2026-01-01T15:12:20","date_gmt":"2026-01-01T15:12:20","guid":{"rendered":"https:\/\/www.europesays.com\/se\/122663\/"},"modified":"2026-01-01T15:12:20","modified_gmt":"2026-01-01T15:12:20","slug":"finland-forlorade-mot-kanada-i-gruppspelets-sista-match-moter-usa-i-jvm-kvartsfinalen-sport","status":"publish","type":"post","link":"https:\/\/www.europesays.com\/se\/122663\/","title":{"rendered":"Finland f\u00f6rlorade mot Kanada i gruppspelets sista match \u2013 m\u00f6ter USA i JVM-kvartsfinalen | Sport"},"content":{"rendered":"<p class=\"aw-1gybjub aw-5vja16 kEtdKx kmuxyA yle__article__paragraph\">Kanada var b\u00e4ttre \u00e4n Finland med 7\u20134 i den avslutande matchen i B-gruppen i JVM i ishockey.<\/p>\n<p><img decoding=\"async\" alt=\"Finland hade sv\u00e5righeter mot Kanada i JVM i ishockey.\" src=\"https:\/\/www.europesays.com\/se\/wp-content\/uploads\/2026\/01\/39-15762316956022749623.jpeg\" class=\"aw-1l9m598 hKVVvP\"\/><\/p>\n<p>\u00d6ppna bildvisare<\/p>\n<p>Finland hade sv\u00e5righeter mot Kanada i JVM i ishockey. Bild: Matt Krohn-Imagn ImagesLyssna (du h\u00f6r en artificiell r\u00f6st) 3:04<\/p>\n<p class=\"aw-1gybjub aw-1p7kakr kEtdKx cEmitX yle__article__paragraph\">Gruppavslutningen mellan Kanada och Finland blev en m\u00e5lrik historia.<\/p>\n<p class=\"aw-1gybjub aw-1p7kakr kEtdKx cEmitX yle__article__paragraph\">Kanada gick upp i ledning efter bara 70 sekunders spel, och Finland utj\u00e4mnade genom Julius Miettinen innan speluret hunnit n\u00e5 fyra minuter.<\/p>\n<p class=\"aw-1gybjub aw-1p7kakr kEtdKx cEmitX yle__article__paragraph\">L\u00f6nnl\u00f6ven tog tillbaka ledningen bara 32 sekunder senare \u2013 Finland utj\u00e4mnade efter en dryg minut genom Oliver Suvanto.<\/p>\n<p class=\"aw-1gybjub aw-1p7kakr kEtdKx cEmitX yle__article__paragraph\">Vid tiden 10.40 tog Kanada ledningen f\u00f6r tredje g\u00e5ngen, och \u00e4n en g\u00e5ng kom Finland i kapp. Den h\u00e4r g\u00e5ngen med Lassi Boelius som m\u00e5lskytt.<\/p>\n<p class=\"aw-1gybjub aw-1p7kakr kEtdKx cEmitX yle__article__paragraph\">\u2013 Tempot var ganska h\u00f6gt i dag, sade de unga lejonens chefstr\u00e4nare Lauri Mikkola efter matchen till HBO Max.<\/p>\n<p class=\"aw-1gybjub aw-1p7kakr kEtdKx cEmitX yle__article__paragraph\">\u2013 Andra perioden var sv\u00e5r f\u00f6r oss, vi tappade pucken f\u00f6r mycket. I tredje perioden fick vi inte l\u00e4ngre ut det b\u00e4sta av oss.<\/p>\n<p class=\"aw-1gybjub aw-1p7kakr kEtdKx cEmitX yle__article__paragraph\">Kanada vann andra perioden med 2\u20131 \u2013 Finlands enda, och sista, m\u00e5lskytt var Roope Vesterinen som reducerade till 4\u20135 tv\u00e5 och en halv minut innan andra pausvilan.<\/p>\n<p>USA st\u00e5r f\u00f6r motst\u00e5ndet i kvarten<\/p>\n<p class=\"aw-1gybjub aw-1p7kakr kEtdKx cEmitX yle__article__paragraph\">N\u00e4rmare \u00e4n s\u00e5 kom Unglejonen inte den h\u00e4r g\u00e5ngen. Kanada vann tredje perioden med 2\u20130 varav det sista m\u00e5let sk\u00f6ts i tom bur n\u00e4r Finland jagade reducering med sex man p\u00e5 plan.<\/p>\n<p class=\"aw-1gybjub aw-1p7kakr kEtdKx cEmitX yle__article__paragraph\">Finlands m\u00e5lvakt Petteri Rimpinen r\u00e4ddade 18 skott och fick en r\u00e4ddningsprocent p\u00e5 78,26. M\u00e5lvaktskollegan Carter George fick n\u00f6ja sig med en r\u00e4ddningsprocent om 66,67.<\/p>\n<p class=\"aw-1gybjub aw-1p7kakr kEtdKx cEmitX yle__article__paragraph\">B\u00e4st p\u00e5 plan m\u00e4tt i po\u00e4ng var Kanadas Zayne Parekh som stod f\u00f6r 1+2, Finlands etta var Matias Vanhanen med 0+2.<\/p>\n<p class=\"aw-1gybjub aw-1p7kakr kEtdKx cEmitX yle__article__paragraph\">I den andra sena matchen vann Sverige \u00f6ver regerande v\u00e4rldsm\u00e4staren USA med 6\u20133. Resultaten inneb\u00e4r att Finland m\u00f6ter USA i kvartsfinal. De \u00f6vriga kvartsfinalparen \u00e4r Sverige\u2013Lettland, Kanada\u2013Slovakien och Tjeckien\u2013Schweiz.<\/p>\n<p>U20-VM i ishockey i USA<\/p>\n<p class=\"aw-1gybjub aw-1p7kakr kEtdKx cEmitX yle__article__paragraph\"><strong class=\"aw-ak79eh KyCXm yle__article__strong\">Kanada \u2013 Finland 7\u20134 (0\u20130, 2\u20131, 2\u20130)<\/strong> 1.13 1\u20130 Parekh (Martone, Iginla)<br \/>3.54 1\u20131 Miettinen (Vanhanen)<br \/>4.26 2\u20131 Martin (Hage, McKenna)<br \/>5.40 2\u20132 Suvanto (Vesterinen)<br \/>10.40 3\u20132 Martin (Hage, Parekh)<br \/>12.59 3\u20133 Boelius (Vanhanen, Kuhta)<br \/>29.35 4\u20133 Iginla (Parekh, George)<br \/>37.05 5\u20133 Beaudoin (Desnoyers, O&#8217;Reilly)<br \/>37.40 5\u20134 Vesterinen<br \/>48.20 6\u20134 Beaudoin (O&#8217;Reilly, Desnoyers)<br \/>58.56 7\u20134 O&#8217;Reilly (Beaudoin, Aitcheson)<\/p>\n","protected":false},"excerpt":{"rendered":"Kanada var b\u00e4ttre \u00e4n Finland med 7\u20134 i den avslutande matchen i B-gruppen i JVM i ishockey. \u00d6ppna&hellip;\n","protected":false},"author":2,"featured_media":122664,"comment_status":"","ping_status":"","sticky":false,"template":"","format":"standard","meta":{"footnotes":""},"categories":[68],"tags":[12299,1472,12294,12932,12933,12934,34,111,110,31,33,32,30,579],"class_list":{"0":"post-122663","1":"post","2":"type-post","3":"status-publish","4":"format-standard","5":"has-post-thumbnail","7":"category-sport","8":"tag-finlands-herrjuniorlandslag-i-ishockey","9":"tag-ishockey","10":"tag-junior-vm-i-ishockey","11":"tag-kanadas-herrjuniorlandslag-i-ishockey","12":"tag-kanadas-ishockey","13":"tag-petteri-rimpinen","14":"tag-se","15":"tag-sport","16":"tag-sports","17":"tag-svenska","18":"tag-sverige","19":"tag-sweden","20":"tag-swedish","21":"tag-yle-sporten"},"share_on_mastodon":{"url":"https:\/\/pubeurope.com\/@se\/115820491124845722","error":""},"_links":{"self":[{"href":"https:\/\/www.europesays.com\/se\/wp-json\/wp\/v2\/posts\/122663","targetHints":{"allow":["GET"]}}],"collection":[{"href":"https:\/\/www.europesays.com\/se\/wp-json\/wp\/v2\/posts"}],"about":[{"href":"https:\/\/www.europesays.com\/se\/wp-json\/wp\/v2\/types\/post"}],"author":[{"embeddable":true,"href":"https:\/\/www.europesays.com\/se\/wp-json\/wp\/v2\/users\/2"}],"replies":[{"embeddable":true,"href":"https:\/\/www.europesays.com\/se\/wp-json\/wp\/v2\/comments?post=122663"}],"version-history":[{"count":0,"href":"https:\/\/www.europesays.com\/se\/wp-json\/wp\/v2\/posts\/122663\/revisions"}],"wp:featuredmedia":[{"embeddable":true,"href":"https:\/\/www.europesays.com\/se\/wp-json\/wp\/v2\/media\/122664"}],"wp:attachment":[{"href":"https:\/\/www.europesays.com\/se\/wp-json\/wp\/v2\/media?parent=122663"}],"wp:term":[{"taxonomy":"category","embeddable":true,"href":"https:\/\/www.europesays.com\/se\/wp-json\/wp\/v2\/categories?post=122663"},{"taxonomy":"post_tag","embeddable":true,"href":"https:\/\/www.europesays.com\/se\/wp-json\/wp\/v2\/tags?post=122663"}],"curies":[{"name":"wp","href":"https:\/\/api.w.org\/{rel}","templated":true}]}}