{"id":122667,"date":"2026-01-01T15:17:35","date_gmt":"2026-01-01T15:17:35","guid":{"rendered":"https:\/\/www.europesays.com\/se\/122667\/"},"modified":"2026-01-01T15:17:35","modified_gmt":"2026-01-01T15:17:35","slug":"ungdomar-skot-fyrverkerier-mot-bil-i-froslunda","status":"publish","type":"post","link":"https:\/\/www.europesays.com\/se\/122667\/","title":{"rendered":"Ungdomar sk\u00f6t fyrverkerier mot bil i Fr\u00f6slunda"},"content":{"rendered":"<p>Larmen om h\u00f6ga sm\u00e4llar\/fyrverkerier forts\u00e4tter i Eskilstuna.Under tisdagskv\u00e4llen har polisen larmats till bland annat centrum, R\u00f6ksta, Torsh\u00e4lla och Fr\u00f6slunda.\u2013 Enbart i Fr\u00f6slunda har vi haft utryckning till. I de andra fallen har samtalen varit ospecifika i tid, plats eller h\u00e4nt l\u00e5ng tid f\u00f6re man larmat polisen, s\u00e4ger Martina Gradian, polisens presstalesperson.I Fr\u00f6s<\/p>\n","protected":false},"excerpt":{"rendered":"Larmen om h\u00f6ga sm\u00e4llar\/fyrverkerier forts\u00e4tter i Eskilstuna.Under tisdagskv\u00e4llen har polisen larmats till bland annat centrum, R\u00f6ksta, Torsh\u00e4lla och&hellip;\n","protected":false},"author":2,"featured_media":16823,"comment_status":"","ping_status":"","sticky":false,"template":"","format":"standard","meta":{"footnotes":""},"categories":[12],"tags":[22,23,26,27,17,21,24,25,28,29,15,16,18,34,31,33,32,30,19,20],"class_list":{"0":"post-122667","1":"post","2":"type-post","3":"status-publish","4":"format-standard","5":"has-post-thumbnail","7":"category-sverige","8":"tag-breaking-news","9":"tag-breakingnews","10":"tag-featured-news","11":"tag-featurednews","12":"tag-headlines","13":"tag-huvudnyheter","14":"tag-latest-news","15":"tag-latestnews","16":"tag-main-news","17":"tag-mainnews","18":"tag-news","19":"tag-nyheter","20":"tag-rubriker","21":"tag-se","22":"tag-svenska","23":"tag-sverige","24":"tag-sweden","25":"tag-swedish","26":"tag-top-stories","27":"tag-topstories"},"share_on_mastodon":{"url":"https:\/\/pubeurope.com\/@se\/115820510811354350","error":""},"_links":{"self":[{"href":"https:\/\/www.europesays.com\/se\/wp-json\/wp\/v2\/posts\/122667","targetHints":{"allow":["GET"]}}],"collection":[{"href":"https:\/\/www.europesays.com\/se\/wp-json\/wp\/v2\/posts"}],"about":[{"href":"https:\/\/www.europesays.com\/se\/wp-json\/wp\/v2\/types\/post"}],"author":[{"embeddable":true,"href":"https:\/\/www.europesays.com\/se\/wp-json\/wp\/v2\/users\/2"}],"replies":[{"embeddable":true,"href":"https:\/\/www.europesays.com\/se\/wp-json\/wp\/v2\/comments?post=122667"}],"version-history":[{"count":0,"href":"https:\/\/www.europesays.com\/se\/wp-json\/wp\/v2\/posts\/122667\/revisions"}],"wp:featuredmedia":[{"embeddable":true,"href":"https:\/\/www.europesays.com\/se\/wp-json\/wp\/v2\/media\/16823"}],"wp:attachment":[{"href":"https:\/\/www.europesays.com\/se\/wp-json\/wp\/v2\/media?parent=122667"}],"wp:term":[{"taxonomy":"category","embeddable":true,"href":"https:\/\/www.europesays.com\/se\/wp-json\/wp\/v2\/categories?post=122667"},{"taxonomy":"post_tag","embeddable":true,"href":"https:\/\/www.europesays.com\/se\/wp-json\/wp\/v2\/tags?post=122667"}],"curies":[{"name":"wp","href":"https:\/\/api.w.org\/{rel}","templated":true}]}}