{"id":122668,"date":"2026-01-01T15:18:07","date_gmt":"2026-01-01T15:18:07","guid":{"rendered":"https:\/\/www.europesays.com\/se\/122668\/"},"modified":"2026-01-01T15:18:07","modified_gmt":"2026-01-01T15:18:07","slug":"flera-trafikolyckor-i-jonkopings-lan-korde-av-vagen-pa-e4","status":"publish","type":"post","link":"https:\/\/www.europesays.com\/se\/122668\/","title":{"rendered":"Flera trafikolyckor i J\u00f6nk\u00f6pings l\u00e4n \u2013 k\u00f6rde av v\u00e4gen p\u00e5 E4"},"content":{"rendered":"<p>Den f\u00f6rsta olyckan intr\u00e4ffade strax innan klockan 11 p\u00e5 torsdagsf\u00f6rmiddagen. En personbil hade d\u00e5 voltat av v\u00e4gen utanf\u00f6r Rydaholm p\u00e5 v\u00e4g 27. F\u00f6raren f\u00f6rdes med ambulans till sjukhus. <\/p>\n<p>Dubbla olyckor p\u00e5 E4<\/p>\n<p>Runt klockan 13 intr\u00e4ffade dubbla olyckor p\u00e5 E4 i norrg\u00e5ende riktning utanf\u00f6r Vaggeryd. Det uppges vara 50 meter mellan dem.<\/p>\n<p>I b\u00e5da fallen ska det handla om av\u00e5kningar. En person ska enligt polisen f\u00f6rts till sjukhus efter den ena olyckan. Skadel\u00e4get \u00e4r oklart.<\/p>\n<p>Ingen misstanke om brott finns vid n\u00e5gon av de tv\u00e5 olyckorna, meddelar polisen.<\/p>\n<p>Polisen skriver att det \u00e4r mycket halt p\u00e5 platsen och uppmanar bilister att s\u00e4nka hastigheten och k\u00f6ra f\u00f6rsiktigt.<\/p>\n<p><strong>Tre olyckor i samma kommun<\/strong><\/p>\n<p>R\u00e4ddningstj\u00e4nsten fick ett larm om ytterligare en trafikolycka vid Bondstorpsv\u00e4gen i Vaggeryds kommun under torsdag eftermiddag. Det \u00e4r den tredje olyckan som har intr\u00e4ffat i samma kommun under dagen. Enligt r\u00e4ddningstj\u00e4nsten ska en bil ha \u00e5kt ner i diket och v\u00e4lt, men alla tre passagerare kunde ta sig ur bilen utan skador.<\/p>\n<p>R\u00e4ddningstj\u00e4nsten samt ambulans \u00e4r p\u00e5 plats och det uppges inte vara n\u00e5gon trafikp\u00e5verkan.<\/p>\n","protected":false},"excerpt":{"rendered":"Den f\u00f6rsta olyckan intr\u00e4ffade strax innan klockan 11 p\u00e5 torsdagsf\u00f6rmiddagen. En personbil hade d\u00e5 voltat av v\u00e4gen utanf\u00f6r&hellip;\n","protected":false},"author":2,"featured_media":793,"comment_status":"","ping_status":"","sticky":false,"template":"","format":"standard","meta":{"footnotes":""},"categories":[5],"tags":[22,23,26,27,17,21,24,25,28,29,15,16,18,34,31,33,32,30,19,20],"class_list":{"0":"post-122668","1":"post","2":"type-post","3":"status-publish","4":"format-standard","5":"has-post-thumbnail","7":"category-rubriker","8":"tag-breaking-news","9":"tag-breakingnews","10":"tag-featured-news","11":"tag-featurednews","12":"tag-headlines","13":"tag-huvudnyheter","14":"tag-latest-news","15":"tag-latestnews","16":"tag-main-news","17":"tag-mainnews","18":"tag-news","19":"tag-nyheter","20":"tag-rubriker","21":"tag-se","22":"tag-svenska","23":"tag-sverige","24":"tag-sweden","25":"tag-swedish","26":"tag-top-stories","27":"tag-topstories"},"share_on_mastodon":{"url":"https:\/\/pubeurope.com\/@se\/115820514675804471","error":""},"_links":{"self":[{"href":"https:\/\/www.europesays.com\/se\/wp-json\/wp\/v2\/posts\/122668","targetHints":{"allow":["GET"]}}],"collection":[{"href":"https:\/\/www.europesays.com\/se\/wp-json\/wp\/v2\/posts"}],"about":[{"href":"https:\/\/www.europesays.com\/se\/wp-json\/wp\/v2\/types\/post"}],"author":[{"embeddable":true,"href":"https:\/\/www.europesays.com\/se\/wp-json\/wp\/v2\/users\/2"}],"replies":[{"embeddable":true,"href":"https:\/\/www.europesays.com\/se\/wp-json\/wp\/v2\/comments?post=122668"}],"version-history":[{"count":0,"href":"https:\/\/www.europesays.com\/se\/wp-json\/wp\/v2\/posts\/122668\/revisions"}],"wp:featuredmedia":[{"embeddable":true,"href":"https:\/\/www.europesays.com\/se\/wp-json\/wp\/v2\/media\/793"}],"wp:attachment":[{"href":"https:\/\/www.europesays.com\/se\/wp-json\/wp\/v2\/media?parent=122668"}],"wp:term":[{"taxonomy":"category","embeddable":true,"href":"https:\/\/www.europesays.com\/se\/wp-json\/wp\/v2\/categories?post=122668"},{"taxonomy":"post_tag","embeddable":true,"href":"https:\/\/www.europesays.com\/se\/wp-json\/wp\/v2\/tags?post=122668"}],"curies":[{"name":"wp","href":"https:\/\/api.w.org\/{rel}","templated":true}]}}