{"id":122673,"date":"2026-01-01T15:26:07","date_gmt":"2026-01-01T15:26:07","guid":{"rendered":"https:\/\/www.europesays.com\/se\/122673\/"},"modified":"2026-01-01T15:26:07","modified_gmt":"2026-01-01T15:26:07","slug":"tva-anhallna-pa-skepp-misstankt-for-kabelbrott","status":"publish","type":"post","link":"https:\/\/www.europesays.com\/se\/122673\/","title":{"rendered":"Tv\u00e5 anh\u00e5llna p\u00e5 skepp misst\u00e4nkt f\u00f6r kabelbrott"},"content":{"rendered":"<p>Fartyget Fitburg som misst\u00e4nks ha skadat en datakommunikationskabel mellan Helsingfors och Tallinn f\u00e4rdades fr\u00e5n S:t Petersburg med sin ankarkedja i vattnet d\u00e5 det stoppades.<\/p>\n<p>Enligt den finl\u00e4ndska Tullen fraktade fartyget st\u00e5lprodukter som omfattas av EU:s sektorssanktioner, rapporterar <a href=\"https:\/\/yle.fi\/a\/7-10090738\" rel=\"nofollow noopener\" target=\"_blank\">Yle.<\/a> Tullen har fortfarande varorna i beh\u00e5ll och utreder hur EU:s sanktionslagstiftning kan till\u00e4mpas p\u00e5 fallet. H\u00e4ndelsen utreds som misst\u00e4nkt grov skadeg\u00f6relse, f\u00f6rs\u00f6k till grov skadeg\u00f6relse och misst\u00e4nkt grovt st\u00f6rande av post- och teletrafik.<\/p>\n<p>Tv\u00e5 personer i bes\u00e4ttningen har anh\u00e5llits och tv\u00e5 andra har belagts med resef\u00f6rbud, enligt finl\u00e4ndsk polis. <\/p>\n<p>Totalt best\u00e5r bes\u00e4ttningen av 14 personer som enligt Yle kommer fr\u00e5n Ryssland, Georgien, Kazakstan och Azerbajdzjan.<\/p>\n<p>Det 132 meter l\u00e5nga fraktfartyget var p\u00e5 v\u00e4g fr\u00e5n S:t Petersburg i Ryssland till Haifa i Israel, uppger gr\u00e4nsbevakningen.<\/p>\n<p>Enligt Post- och telestyrelsen (PTS) intr\u00e4ffade \u00e4ven ett kabelbrott p\u00e5 natten till tisdagen p\u00e5 en fiberkabel mellan Sverige och Estland, p\u00e5 estniskt vatten.<\/p>\n","protected":false},"excerpt":{"rendered":"Fartyget Fitburg som misst\u00e4nks ha skadat en datakommunikationskabel mellan Helsingfors och Tallinn f\u00e4rdades fr\u00e5n S:t Petersburg med sin&hellip;\n","protected":false},"author":2,"featured_media":122674,"comment_status":"","ping_status":"","sticky":false,"template":"","format":"standard","meta":{"footnotes":""},"categories":[5],"tags":[22,23,26,27,17,21,24,25,28,29,15,16,18,34,31,33,32,30,19,20],"class_list":{"0":"post-122673","1":"post","2":"type-post","3":"status-publish","4":"format-standard","5":"has-post-thumbnail","7":"category-rubriker","8":"tag-breaking-news","9":"tag-breakingnews","10":"tag-featured-news","11":"tag-featurednews","12":"tag-headlines","13":"tag-huvudnyheter","14":"tag-latest-news","15":"tag-latestnews","16":"tag-main-news","17":"tag-mainnews","18":"tag-news","19":"tag-nyheter","20":"tag-rubriker","21":"tag-se","22":"tag-svenska","23":"tag-sverige","24":"tag-sweden","25":"tag-swedish","26":"tag-top-stories","27":"tag-topstories"},"share_on_mastodon":{"url":"https:\/\/pubeurope.com\/@se\/115820546339944605","error":""},"_links":{"self":[{"href":"https:\/\/www.europesays.com\/se\/wp-json\/wp\/v2\/posts\/122673","targetHints":{"allow":["GET"]}}],"collection":[{"href":"https:\/\/www.europesays.com\/se\/wp-json\/wp\/v2\/posts"}],"about":[{"href":"https:\/\/www.europesays.com\/se\/wp-json\/wp\/v2\/types\/post"}],"author":[{"embeddable":true,"href":"https:\/\/www.europesays.com\/se\/wp-json\/wp\/v2\/users\/2"}],"replies":[{"embeddable":true,"href":"https:\/\/www.europesays.com\/se\/wp-json\/wp\/v2\/comments?post=122673"}],"version-history":[{"count":0,"href":"https:\/\/www.europesays.com\/se\/wp-json\/wp\/v2\/posts\/122673\/revisions"}],"wp:featuredmedia":[{"embeddable":true,"href":"https:\/\/www.europesays.com\/se\/wp-json\/wp\/v2\/media\/122674"}],"wp:attachment":[{"href":"https:\/\/www.europesays.com\/se\/wp-json\/wp\/v2\/media?parent=122673"}],"wp:term":[{"taxonomy":"category","embeddable":true,"href":"https:\/\/www.europesays.com\/se\/wp-json\/wp\/v2\/categories?post=122673"},{"taxonomy":"post_tag","embeddable":true,"href":"https:\/\/www.europesays.com\/se\/wp-json\/wp\/v2\/tags?post=122673"}],"curies":[{"name":"wp","href":"https:\/\/api.w.org\/{rel}","templated":true}]}}