{"id":122675,"date":"2026-01-01T15:27:08","date_gmt":"2026-01-01T15:27:08","guid":{"rendered":"https:\/\/www.europesays.com\/se\/122675\/"},"modified":"2026-01-01T15:27:08","modified_gmt":"2026-01-01T15:27:08","slug":"traning-under-cancerbehandling-ger-tydlig-effekt","status":"publish","type":"post","link":"https:\/\/www.europesays.com\/se\/122675\/","title":{"rendered":"Tr\u00e4ning under cancerbehandling ger tydlig effekt"},"content":{"rendered":"<p>expand-left<\/p>\n<p>helsk\u00e4rm<img decoding=\"async\" class=\"image-asset hyperion-css-u06ts1\" data-test-tag=\"image-asset\" src=\"https:\/\/www.europesays.com\/se\/wp-content\/uploads\/2026\/01\/bd7460f5-59f4-4db0-98d4-a218348d23f7.jpeg\"  alt=\"\"  loading=\"eager\" fetchpriority=\"high\" style=\"aspect-ratio:1900 \/ 995\"\/><\/p>\n<p class=\"hyperion-css-1shl3oz\" data-test-tag=\"lead-text\">Att tr\u00e4na under cancerbehandling ger tydlig effekt p\u00e5 m\u00e5ende och \u2013 i vissa fall \u2013 \u00e4ven \u00f6verlevnad, visar forskning. Eva-Lena Bergkvist, 60, hade slagit flera inomhusrekord i veteran-SM i friidrott n\u00e4r hon drabbades av cancer p\u00e5 \u00e4ggstockarna fortsatte hon att aktivera sig. S\u00e5 h\u00e4r la hon upp sin tr\u00e4ning. <\/p>\n<p class=\"hyperion-css-1v9qo5x\">check \u201dJag \u00e4r till och med fysiskt starkare nu \u00e4n innan\u201d<\/p>\n","protected":false},"excerpt":{"rendered":"expand-left helsk\u00e4rm Att tr\u00e4na under cancerbehandling ger tydlig effekt p\u00e5 m\u00e5ende och \u2013 i vissa fall \u2013 \u00e4ven&hellip;\n","protected":false},"author":2,"featured_media":122676,"comment_status":"","ping_status":"","sticky":false,"template":"","format":"standard","meta":{"footnotes":""},"categories":[69],"tags":[113,112,34,31,33,32,30],"class_list":{"0":"post-122675","1":"post","2":"type-post","3":"status-publish","4":"format-standard","5":"has-post-thumbnail","7":"category-halsa","8":"tag-halsa","9":"tag-health","10":"tag-se","11":"tag-svenska","12":"tag-sverige","13":"tag-sweden","14":"tag-swedish"},"share_on_mastodon":{"url":"https:\/\/pubeurope.com\/@se\/115820550132674979","error":""},"_links":{"self":[{"href":"https:\/\/www.europesays.com\/se\/wp-json\/wp\/v2\/posts\/122675","targetHints":{"allow":["GET"]}}],"collection":[{"href":"https:\/\/www.europesays.com\/se\/wp-json\/wp\/v2\/posts"}],"about":[{"href":"https:\/\/www.europesays.com\/se\/wp-json\/wp\/v2\/types\/post"}],"author":[{"embeddable":true,"href":"https:\/\/www.europesays.com\/se\/wp-json\/wp\/v2\/users\/2"}],"replies":[{"embeddable":true,"href":"https:\/\/www.europesays.com\/se\/wp-json\/wp\/v2\/comments?post=122675"}],"version-history":[{"count":0,"href":"https:\/\/www.europesays.com\/se\/wp-json\/wp\/v2\/posts\/122675\/revisions"}],"wp:featuredmedia":[{"embeddable":true,"href":"https:\/\/www.europesays.com\/se\/wp-json\/wp\/v2\/media\/122676"}],"wp:attachment":[{"href":"https:\/\/www.europesays.com\/se\/wp-json\/wp\/v2\/media?parent=122675"}],"wp:term":[{"taxonomy":"category","embeddable":true,"href":"https:\/\/www.europesays.com\/se\/wp-json\/wp\/v2\/categories?post=122675"},{"taxonomy":"post_tag","embeddable":true,"href":"https:\/\/www.europesays.com\/se\/wp-json\/wp\/v2\/tags?post=122675"}],"curies":[{"name":"wp","href":"https:\/\/api.w.org\/{rel}","templated":true}]}}