{"id":122679,"date":"2026-01-01T15:31:14","date_gmt":"2026-01-01T15:31:14","guid":{"rendered":"https:\/\/www.europesays.com\/se\/122679\/"},"modified":"2026-01-01T15:31:14","modified_gmt":"2026-01-01T15:31:14","slug":"gavles-dricksvatten-klarar-inte-nya-krav-trakigt-och-frustrerande-gefle-dagblad","status":"publish","type":"post","link":"https:\/\/www.europesays.com\/se\/122679\/","title":{"rendered":"G\u00e4vles dricksvatten klarar inte nya krav: \u201dTr\u00e5kigt och frustrerande\u201d &#8211; Gefle Dagblad"},"content":{"rendered":"<ol>\n<li><a href=\"https:\/\/news.google.com\/rss\/articles\/CBMimwFBVV95cUxOQ09obmdPVmw5SzFKd2hwcF9YMmYySXVRNUJxQ0wwbi1rakFhTDVfX1RrVUJOOF9wVHFSLUlLUmJib0RtY2RjWkNQd2VwRkFSdUR2UE9kUWtkb2kybWZGODNqT05wcU9xbUZYZ3MzOHR0WENJYUxNSUtnS3h1Q3FyOE9xbDlybnRmTWlHcHE0NGtWaFhuWW5wdW03UQ?oc=5\" target=\"_blank\" rel=\"nofollow noopener\">G\u00e4vles dricksvatten klarar inte nya krav: \u201dTr\u00e5kigt och frustrerande\u201d<\/a>&nbsp;&nbsp;Gefle Dagblad<\/li>\n<li><a href=\"https:\/\/news.google.com\/rss\/articles\/CBMigwFBVV95cUxNc09QRmdiRVhCbDlpZkFZWkZXaW44RlNwY05zLV9MaXRzdHlRMlVyTFRta2JoQWxIbFpvVEZpLXd1VDR0TkdkTU9DaFdJaVRoWF9nTEN0SlhFM0MwZ01kU2U2YUIzdEFkWG53MlB3TDJxdzFDZjZPLXRQLTdER3plZGRTVQ?oc=5\" target=\"_blank\" rel=\"nofollow noopener\">Miljardinvestering f\u00f6r att klara nya PFAS-gr\u00e4nsen<\/a>&nbsp;&nbsp;SvD<\/li>\n<li><a href=\"https:\/\/news.google.com\/rss\/articles\/CBMie0FVX3lxTFBaaU15T292ZGdQTzJrc291ZXp5bU4tWFBGanpySWh3S0hteWJSRzVqdnBtbjJBZmJuMFowVzdzSUNQbEhJSnBiUEI5aHNjUGY0dXBMUm9NcU1YQVBRLW82TC1rYzQwMThGd0haY2lQcFB4UkZ4Sl9aUWl0UQ?oc=5\" target=\"_blank\" rel=\"nofollow noopener\">Alla kommuner klarar inte nya gr\u00e4nsv\u00e4rdet f\u00f6r PFAS i dricksvattnet<\/a>&nbsp;&nbsp;Sveriges Radio<\/li>\n<li><a href=\"https:\/\/news.google.com\/rss\/articles\/CBMiqAFBVV95cUxNVFh3dVVpeFFoQ3JEdXF4SjRmb2JiNXV0U2NXekljSFk1YjJXOFdpa2Z5Zm50TkdCRE9aZ2pjWGhBczJLdVRXOUl6REdpeURhR2JEdjQ1SzBJX1lUYU16UXZISWkxS3VYTzBMTkpkdURleURDUl82VnJmNEszVUZGcU5UaXpnS2RGVHd0YzNMZjR1NTZVMnczWjU0VWVmc3VUbm1TOEd5alo?oc=5\" target=\"_blank\" rel=\"nofollow noopener\">Billigare \u00e4n v\u00e4ntat att n\u00e5 nya PFAS-kravet<\/a>&nbsp;&nbsp;Svenskt Vatten<\/li>\n<li><a href=\"https:\/\/news.google.com\/rss\/articles\/CBMiqAFBVV95cUxNSHFvWU5lWUlqWTh0ZXplQ2VVbFlqOVE2dVVjLWt2dUNZTlNZcTZJdXlkejRfd09aLWdZa1FmUno5c1pEWnphUlBkZzRndmlLVlFaSlE2RHFHWXRDYVpaa1lWWmVnX190cTRLUTNsczZRN0tOLV9CQUp3anpTaGNTbGk3Zjh6bE9WamFkbzdwdVlqOE5VSGFKQTNuMVBkUmhhNUtEMjVqMi0?oc=5\" target=\"_blank\" rel=\"nofollow noopener\">S\u00e5 klarar Str\u00e4ngn\u00e4s nya giftkravet \u2013 p\u00e5 dricksvattnet<\/a>&nbsp;&nbsp;Ekuriren<\/li>\n<\/ol>\n","protected":false},"excerpt":{"rendered":"G\u00e4vles dricksvatten klarar inte nya krav: \u201dTr\u00e5kigt och frustrerande\u201d&nbsp;&nbsp;Gefle Dagblad Miljardinvestering f\u00f6r att klara nya PFAS-gr\u00e4nsen&nbsp;&nbsp;SvD Alla kommuner&hellip;\n","protected":false},"author":2,"featured_media":122680,"comment_status":"","ping_status":"","sticky":false,"template":"","format":"standard","meta":{"footnotes":""},"categories":[65],"tags":[72,70,71,34,31,33,32,30],"class_list":{"0":"post-122679","1":"post","2":"type-post","3":"status-publish","4":"format-standard","5":"has-post-thumbnail","7":"category-ekonomi","8":"tag-business","9":"tag-economy","10":"tag-ekonomi","11":"tag-se","12":"tag-svenska","13":"tag-sverige","14":"tag-sweden","15":"tag-swedish"},"share_on_mastodon":{"url":"https:\/\/pubeurope.com\/@se\/115820565802507554","error":""},"_links":{"self":[{"href":"https:\/\/www.europesays.com\/se\/wp-json\/wp\/v2\/posts\/122679","targetHints":{"allow":["GET"]}}],"collection":[{"href":"https:\/\/www.europesays.com\/se\/wp-json\/wp\/v2\/posts"}],"about":[{"href":"https:\/\/www.europesays.com\/se\/wp-json\/wp\/v2\/types\/post"}],"author":[{"embeddable":true,"href":"https:\/\/www.europesays.com\/se\/wp-json\/wp\/v2\/users\/2"}],"replies":[{"embeddable":true,"href":"https:\/\/www.europesays.com\/se\/wp-json\/wp\/v2\/comments?post=122679"}],"version-history":[{"count":0,"href":"https:\/\/www.europesays.com\/se\/wp-json\/wp\/v2\/posts\/122679\/revisions"}],"wp:featuredmedia":[{"embeddable":true,"href":"https:\/\/www.europesays.com\/se\/wp-json\/wp\/v2\/media\/122680"}],"wp:attachment":[{"href":"https:\/\/www.europesays.com\/se\/wp-json\/wp\/v2\/media?parent=122679"}],"wp:term":[{"taxonomy":"category","embeddable":true,"href":"https:\/\/www.europesays.com\/se\/wp-json\/wp\/v2\/categories?post=122679"},{"taxonomy":"post_tag","embeddable":true,"href":"https:\/\/www.europesays.com\/se\/wp-json\/wp\/v2\/tags?post=122679"}],"curies":[{"name":"wp","href":"https:\/\/api.w.org\/{rel}","templated":true}]}}