{"id":122681,"date":"2026-01-01T15:34:13","date_gmt":"2026-01-01T15:34:13","guid":{"rendered":"https:\/\/www.europesays.com\/se\/122681\/"},"modified":"2026-01-01T15:34:13","modified_gmt":"2026-01-01T15:34:13","slug":"tva-trafikolyckor-pa-e4an-utanfor-vaggeryd","status":"publish","type":"post","link":"https:\/\/www.europesays.com\/se\/122681\/","title":{"rendered":"Tv\u00e5 trafikolyckor p\u00e5 E4:an utanf\u00f6r Vaggeryd"},"content":{"rendered":"<p>Larmet om olyckan inkom till SOS alarm klockan 12.55 och olyckan ska ha intr\u00e4ffat i h\u00f6jd med Jorarp p\u00e5 E4:an i norrg\u00e5ende riktning. Enligt uppgifter r\u00f6r det sig om en singelolycka med personbil.<\/p>\n<p>En bilist ska ha k\u00f6rt av v\u00e4gen och k\u00f6rt in i viltst\u00e4ngslet. Skadel\u00e4get \u00e4r i nul\u00e4get inte k\u00e4nt men personen ska vara vaken och talbar. Det uppges vara mycket halt p\u00e5 platsen och enligt initiala uppgifter har ett fordon till eventuellt k\u00f6rt av v\u00e4gen p\u00e5 samma plats, uppger polisen.<\/p>\n<p><strong>Uppdatering 13:12<\/strong>\u00a0\u2013 Det r\u00f6r sig om tv\u00e5 olyckor med cirka 50 meters mellanrum. B\u00e5da \u00e4r singelolyckor.<\/p>\n<p><strong>Uppdatering 14:12<\/strong> \u2013 En person fick f\u00f6ras till sjukhus, skadel\u00e4get \u00e4r oklart.<\/p>\n<p><strong>F\u00f6r k\u00e4nnedom:\u00a0<\/strong>Det \u00e4r en del sn\u00f6modd p\u00e5 platsen. Var f\u00f6rsiktiga i trafiken! S\u00e4nk hastigheten och h\u00e5ll avst\u00e5nd, varnar polisen.<\/p>\n","protected":false},"excerpt":{"rendered":"Larmet om olyckan inkom till SOS alarm klockan 12.55 och olyckan ska ha intr\u00e4ffat i h\u00f6jd med Jorarp&hellip;\n","protected":false},"author":2,"featured_media":122682,"comment_status":"","ping_status":"","sticky":false,"template":"","format":"standard","meta":{"footnotes":""},"categories":[5],"tags":[22,23,26,27,17,21,24,25,28,29,15,16,18,34,31,33,32,30,19,20],"class_list":{"0":"post-122681","1":"post","2":"type-post","3":"status-publish","4":"format-standard","5":"has-post-thumbnail","7":"category-rubriker","8":"tag-breaking-news","9":"tag-breakingnews","10":"tag-featured-news","11":"tag-featurednews","12":"tag-headlines","13":"tag-huvudnyheter","14":"tag-latest-news","15":"tag-latestnews","16":"tag-main-news","17":"tag-mainnews","18":"tag-news","19":"tag-nyheter","20":"tag-rubriker","21":"tag-se","22":"tag-svenska","23":"tag-sverige","24":"tag-sweden","25":"tag-swedish","26":"tag-top-stories","27":"tag-topstories"},"share_on_mastodon":{"url":"https:\/\/pubeurope.com\/@se\/115820577591553194","error":""},"_links":{"self":[{"href":"https:\/\/www.europesays.com\/se\/wp-json\/wp\/v2\/posts\/122681","targetHints":{"allow":["GET"]}}],"collection":[{"href":"https:\/\/www.europesays.com\/se\/wp-json\/wp\/v2\/posts"}],"about":[{"href":"https:\/\/www.europesays.com\/se\/wp-json\/wp\/v2\/types\/post"}],"author":[{"embeddable":true,"href":"https:\/\/www.europesays.com\/se\/wp-json\/wp\/v2\/users\/2"}],"replies":[{"embeddable":true,"href":"https:\/\/www.europesays.com\/se\/wp-json\/wp\/v2\/comments?post=122681"}],"version-history":[{"count":0,"href":"https:\/\/www.europesays.com\/se\/wp-json\/wp\/v2\/posts\/122681\/revisions"}],"wp:featuredmedia":[{"embeddable":true,"href":"https:\/\/www.europesays.com\/se\/wp-json\/wp\/v2\/media\/122682"}],"wp:attachment":[{"href":"https:\/\/www.europesays.com\/se\/wp-json\/wp\/v2\/media?parent=122681"}],"wp:term":[{"taxonomy":"category","embeddable":true,"href":"https:\/\/www.europesays.com\/se\/wp-json\/wp\/v2\/categories?post=122681"},{"taxonomy":"post_tag","embeddable":true,"href":"https:\/\/www.europesays.com\/se\/wp-json\/wp\/v2\/tags?post=122681"}],"curies":[{"name":"wp","href":"https:\/\/api.w.org\/{rel}","templated":true}]}}