{"id":122683,"date":"2026-01-01T15:36:21","date_gmt":"2026-01-01T15:36:21","guid":{"rendered":"https:\/\/www.europesays.com\/se\/122683\/"},"modified":"2026-01-01T15:36:21","modified_gmt":"2026-01-01T15:36:21","slug":"hemmaforlust-for-boltic-0-8-mot-gripen-trollhattan-bk-nwt","status":"publish","type":"post","link":"https:\/\/www.europesays.com\/se\/122683\/","title":{"rendered":"Hemmaf\u00f6rlust f\u00f6r Boltic \u2013 0-8 mot Gripen Trollh\u00e4ttan BK &#8211; NWT"},"content":{"rendered":"<ol>\n<li><a href=\"https:\/\/news.google.com\/rss\/articles\/CBMilAFBVV95cUxNNHM5VUZwaE5GT05CcVA0RVpLazB0V05LUVFWZHJtX3o4VFZlc1JRbUxVTElyVUk0cmc0bXI1dnlVZFdTOERJMmVfeGdiTXo5WkNvdmFhc2IxZ0hmcFpVZHlOaVZuQV80cWRjM1pqbEpmVG95TE9HZC1yOTVUV0FpLVQ3SUp3emtBX1dlOG1qTmRta0pQ?oc=5\" target=\"_blank\" rel=\"nofollow noopener\">Hemmaf\u00f6rlust f\u00f6r Boltic \u2013 0-8 mot Gripen Trollh\u00e4ttan BK<\/a>&nbsp;&nbsp;NWT<\/li>\n<li><a href=\"https:\/\/news.google.com\/rss\/articles\/CBMiqgFBVV95cUxQanprVHNRSUpkLWtteVFhMlRlQzNFSGpLRWZUUHlhLWJBX3I4aHBHY3ZYd0VHMXZ3bEJoRFBVYVpKVXBuRENJVnFOT2hRYy1mXzZaZU16amh4aFEyd0FoMXJuMkxoUVQxWlpWVERLaklvVjNvM3Y5UjMtbEd4cEtEVXFqRGNxbDZHOURxNVYxeDBwc25TeGY1WFFnd1l3MjF5c3ZxRzktZ040UQ?oc=5\" target=\"_blank\" rel=\"nofollow noopener\">Storseger f\u00f6r Gripen och IFK f\u00f6rlorade mot serieledarna<\/a>&nbsp;&nbsp;Sveriges Radio<\/li>\n<li><a href=\"https:\/\/news.google.com\/rss\/articles\/CBMipgFBVV95cUxOajlKa3Etc3o4dE5fcnFOZjB6WnRlNE1kZTllN0lTQXN3bE9hU3g3NC1uaG52aU9VaGl1ZnZ1N2VQOExWQ1hBcHV5cVZoRzk4THBNc1d6ZEVCMmRac2Z2TVBPTEIxS0o3VUNTd2lwdEoyV3l6aG5xQy1PbFJkRTI1VDljVkZBNWw1YjJUMmV5WDJSdGN3TWRlNFd1RFZrQ1Y3ZnVVRm5B?oc=5\" target=\"_blank\" rel=\"nofollow noopener\">K\u00e4ftsm\u00e4ll p\u00e5 ny\u00e5rsafton \u2013 Boltic brakade ihop totalt: \u201dOtroligt d\u00e5ligt\u201d<\/a>&nbsp;&nbsp;NWT<\/li>\n<li><a href=\"https:\/\/news.google.com\/rss\/articles\/CBMilgFBVV95cUxObURzR2tjaDVKWGp6ejRsWlFYRHk4VklycnRrbHM4SXd6enJDbm82TWI1elBfVVpsbWJYMkNwOUF2ZUZyWjdGbHZQUmkxN1BxRFR5VkxDTG5jR21nN28ycmNYelJGckFBT3Z2WmVlWElNdnAxWWpfYUxWZHllU3drejV5MzJqTDVGSkhKOHhReEExdHJ5eGc?oc=5\" target=\"_blank\" rel=\"nofollow noopener\">Krossen p\u00e5 ny\u00e5r: \u201dKlart att det inte \u00e4r s\u00e5 vi vill spela\u201d<\/a>&nbsp;&nbsp;Bandypuls<\/li>\n<li><a href=\"https:\/\/news.google.com\/rss\/articles\/CBMivgFBVV95cUxQelVzeXVJZG40c3diZE9OUXlUSGRMSTVwV2s4UWVtWEJkcFl4bkt4WDFPNXpvYkVRTE94OFpQWjBPZ2pqLU5pUDBHbVY1Mi0yQ0dQcVJCaDlfMDNDUHE4bUxyTk8ydEFvLUlIVDNOVG0tblJCX19GQmRVS0tsM2E5YW81UEpYTWE4T0tKS0p3em9TRHRuR1R5eGtXUUs3TkUyTmhxZ0ZhU0VWaWt1bVllNUNFclJhcmF0WTdnVUJn?oc=5\" target=\"_blank\" rel=\"nofollow noopener\">Gripen Trollh\u00e4ttan BK:s fina svit forts\u00e4tter mot Boltic<\/a>&nbsp;&nbsp;Hallands Nyheter<\/li>\n<\/ol>\n","protected":false},"excerpt":{"rendered":"Hemmaf\u00f6rlust f\u00f6r Boltic \u2013 0-8 mot Gripen Trollh\u00e4ttan BK&nbsp;&nbsp;NWT Storseger f\u00f6r Gripen och IFK f\u00f6rlorade mot serieledarna&nbsp;&nbsp;Sveriges Radio&hellip;\n","protected":false},"author":2,"featured_media":122684,"comment_status":"","ping_status":"","sticky":false,"template":"","format":"standard","meta":{"footnotes":""},"categories":[68],"tags":[34,111,110,31,33,32,30],"class_list":{"0":"post-122683","1":"post","2":"type-post","3":"status-publish","4":"format-standard","5":"has-post-thumbnail","7":"category-sport","8":"tag-se","9":"tag-sport","10":"tag-sports","11":"tag-svenska","12":"tag-sverige","13":"tag-sweden","14":"tag-swedish"},"share_on_mastodon":{"url":"https:\/\/pubeurope.com\/@se\/115820585487683386","error":""},"_links":{"self":[{"href":"https:\/\/www.europesays.com\/se\/wp-json\/wp\/v2\/posts\/122683","targetHints":{"allow":["GET"]}}],"collection":[{"href":"https:\/\/www.europesays.com\/se\/wp-json\/wp\/v2\/posts"}],"about":[{"href":"https:\/\/www.europesays.com\/se\/wp-json\/wp\/v2\/types\/post"}],"author":[{"embeddable":true,"href":"https:\/\/www.europesays.com\/se\/wp-json\/wp\/v2\/users\/2"}],"replies":[{"embeddable":true,"href":"https:\/\/www.europesays.com\/se\/wp-json\/wp\/v2\/comments?post=122683"}],"version-history":[{"count":0,"href":"https:\/\/www.europesays.com\/se\/wp-json\/wp\/v2\/posts\/122683\/revisions"}],"wp:featuredmedia":[{"embeddable":true,"href":"https:\/\/www.europesays.com\/se\/wp-json\/wp\/v2\/media\/122684"}],"wp:attachment":[{"href":"https:\/\/www.europesays.com\/se\/wp-json\/wp\/v2\/media?parent=122683"}],"wp:term":[{"taxonomy":"category","embeddable":true,"href":"https:\/\/www.europesays.com\/se\/wp-json\/wp\/v2\/categories?post=122683"},{"taxonomy":"post_tag","embeddable":true,"href":"https:\/\/www.europesays.com\/se\/wp-json\/wp\/v2\/tags?post=122683"}],"curies":[{"name":"wp","href":"https:\/\/api.w.org\/{rel}","templated":true}]}}