{"id":122687,"date":"2026-01-01T15:41:09","date_gmt":"2026-01-01T15:41:09","guid":{"rendered":"https:\/\/www.europesays.com\/se\/122687\/"},"modified":"2026-01-01T15:41:09","modified_gmt":"2026-01-01T15:41:09","slug":"34-sekunder-in-pa-2026-da-kom-lennox","status":"publish","type":"post","link":"https:\/\/www.europesays.com\/se\/122687\/","title":{"rendered":"34 sekunder in p\u00e5 2026 \u2013 d\u00e5 kom Lennox"},"content":{"rendered":"<p><a data-test-tag=\"internal-link\" href=\"https:\/\/www.aftonbladet.se\/av\/oskar-forsberg\" class=\"hyperion-css-13ns1rr\" rel=\"nofollow noopener\" target=\"\" aria-label=\"Se alla artiklar av Oskar Forsberg\"><img decoding=\"async\" class=\"image-asset hyperion-css-n6kkq1\" data-test-tag=\"image-asset\" src=\"https:\/\/www.europesays.com\/se\/wp-content\/uploads\/2026\/01\/a3a72f59-a972-44b2-b571-2462f5ee274a.png\"  alt=\"\"  loading=\"lazy\" fetchpriority=\"auto\" style=\"aspect-ratio:1900 \/ 1900\"\/><\/a>share-arrowDela<\/p>\n<p>unsaveSpara<\/p>\n<p>expand-left<\/p>\n<p>helsk\u00e4rm<img decoding=\"async\" class=\"image-asset hyperion-css-u06ts1\" data-test-tag=\"image-asset\" src=\"https:\/\/www.europesays.com\/se\/wp-content\/uploads\/2026\/01\/3d6e029f-e899-493f-a87b-7d45a426b811.jpeg\"  alt=\"Lilla Lennox hade br\u00e5ttom in i 2026.\"  loading=\"eager\" fetchpriority=\"high\" style=\"aspect-ratio:1900 \/ 2019\"\/>Lilla Lennox hade br\u00e5ttom in i 2026. Foto: Privat<\/p>\n<p class=\"hyperion-css-1shl3oz\" data-test-tag=\"lead-text\">34 sekunder efter midnatt.<\/p>\n<p class=\"hyperion-css-1shl3oz\" data-test-tag=\"lead-text\">D\u00e5 anl\u00e4nde lilla Lennox, som sannolikt \u00e4r 2026 \u00e5rs f\u00f6rstf\u00f6dda bebis i Sverige.<\/p>\n<p class=\"hyperion-css-1shl3oz\" data-test-tag=\"lead-text\">\u2013 Det \u00e4r fantastiskt, s\u00e4ger hans pappa Christian Johansson.<\/p>\n<p class=\"hyperion-css-1v9qo5x\">2025 hade precis blivit 2026 n\u00e4r Lennox gjorde entr\u00e9.<\/p>\n<p class=\"hyperion-css-1v9qo5x\">34 sekunder efter midnatt f\u00f6ddes han p\u00e5 Centralsjukhuset i Karlstad.<\/p>\n<p class=\"hyperion-css-1v9qo5x\">Han blev d\u00e4rmed inte bara \u00e5rets f\u00f6rsta v\u00e4rml\u00e4nning, utan \u00e4ven \u00e5rets f\u00f6rsta svensk \u2013  3\u00a0555 gram tung och 49,5 centimeter l\u00e5ng.<\/p>\n<p class=\"hyperion-css-1v9qo5x\">F\u00f6r\u00e4ldrarna Emma Hedlund och Christian Johansson \u00e5kte in redan i tisdag, men det var f\u00f6rst p\u00e5 ny\u00e5rsafton det kom ig\u00e5ng p\u00e5 allvar.<\/p>\n<p class=\"hyperion-css-1v9qo5x\">\u2013 Det var vid sex-tiden ungef\u00e4r som det satte ig\u00e5ng. Vi h\u00f6ll ju p\u00e5 f\u00f6r fullt d\u00e4r runt tolv. S\u00e5 vi tappade tidsuppfattningen lite, s\u00e4ger Christian Johansson.<\/p>\n<p>expand-left<\/p>\n<p>helsk\u00e4rm<img decoding=\"async\" class=\"image-asset hyperion-css-u06ts1\" data-test-tag=\"image-asset\" src=\"https:\/\/www.europesays.com\/se\/wp-content\/uploads\/2026\/01\/c0ef9f86-066e-4bd1-8225-6344956cb68c.jpeg\"  alt=\"Lennox blev \u00e5rets f\u00f6rsta v\u00e4rml\u00e4nning.\"  loading=\"eager\" fetchpriority=\"high\" style=\"aspect-ratio:1900 \/ 2533\"\/>Lennox blev \u00e5rets f\u00f6rsta v\u00e4rml\u00e4nning. Foto: Privat\u201dK\u00e4nde sig redo\u201d<\/p>\n<p class=\"hyperion-css-1v9qo5x\">Det var f\u00f6rst n\u00e4r personalen sa att Lennox var \u00e5rets f\u00f6rsta v\u00e4rml\u00e4nning som de ins\u00e5g vad klockan hade varit n\u00e4r han kom.<\/p>\n<p class=\"hyperion-css-1v9qo5x\">Och sannolikt \u00e4r han \u00e4ven \u00e5rets f\u00f6rsta svensk.<\/p>\n<p class=\"hyperion-css-1v9qo5x\">\u2013 Han k\u00e4nde sig nog v\u00e4ldigt redo, s\u00e4ger Christian Johansson.<\/p>\n<p class=\"hyperion-css-1v9qo5x\">Lennox \u00e4r Emmas och Christians f\u00f6rsta gemensamma barn, men b\u00e5da tv\u00e5 har barn sedan tidigare. Christian har dottern Molly, 8 \u00e5r, och Emma har sonen Ozzian, 4 \u00e5r. <\/p>\n<p class=\"hyperion-css-1v9qo5x\">Familjen fick l\u00e4mna Centralsjukhuset under ny\u00e5rsdagen med lilla Lennox.<\/p>\n<p class=\"hyperion-css-1v9qo5x\">\u2013 Det k\u00e4nns magiskt.<\/p>\n<p>expand-left<\/p>\n<p>helsk\u00e4rm<img decoding=\"async\" class=\"image-asset hyperion-css-u06ts1\" data-test-tag=\"image-asset\" src=\"https:\/\/www.europesays.com\/se\/wp-content\/uploads\/2026\/01\/8ea5a2ad-9ddf-4121-9f53-fe4179bce2e4.jpeg\"  alt=\"\"  loading=\"eager\" fetchpriority=\"high\" style=\"aspect-ratio:720 \/ 960\"\/> Foto: Privat<\/p>\n","protected":false},"excerpt":{"rendered":"share-arrowDela unsaveSpara expand-left helsk\u00e4rmLilla Lennox hade br\u00e5ttom in i 2026. Foto: Privat 34 sekunder efter midnatt. D\u00e5 anl\u00e4nde&hellip;\n","protected":false},"author":2,"featured_media":122688,"comment_status":"","ping_status":"","sticky":false,"template":"","format":"standard","meta":{"footnotes":""},"categories":[12],"tags":[22,23,26,27,17,21,24,25,28,29,15,16,18,34,31,33,32,30,19,20],"class_list":{"0":"post-122687","1":"post","2":"type-post","3":"status-publish","4":"format-standard","5":"has-post-thumbnail","7":"category-sverige","8":"tag-breaking-news","9":"tag-breakingnews","10":"tag-featured-news","11":"tag-featurednews","12":"tag-headlines","13":"tag-huvudnyheter","14":"tag-latest-news","15":"tag-latestnews","16":"tag-main-news","17":"tag-mainnews","18":"tag-news","19":"tag-nyheter","20":"tag-rubriker","21":"tag-se","22":"tag-svenska","23":"tag-sverige","24":"tag-sweden","25":"tag-swedish","26":"tag-top-stories","27":"tag-topstories"},"share_on_mastodon":{"url":"https:\/\/pubeurope.com\/@se\/115820605232949584","error":""},"_links":{"self":[{"href":"https:\/\/www.europesays.com\/se\/wp-json\/wp\/v2\/posts\/122687","targetHints":{"allow":["GET"]}}],"collection":[{"href":"https:\/\/www.europesays.com\/se\/wp-json\/wp\/v2\/posts"}],"about":[{"href":"https:\/\/www.europesays.com\/se\/wp-json\/wp\/v2\/types\/post"}],"author":[{"embeddable":true,"href":"https:\/\/www.europesays.com\/se\/wp-json\/wp\/v2\/users\/2"}],"replies":[{"embeddable":true,"href":"https:\/\/www.europesays.com\/se\/wp-json\/wp\/v2\/comments?post=122687"}],"version-history":[{"count":0,"href":"https:\/\/www.europesays.com\/se\/wp-json\/wp\/v2\/posts\/122687\/revisions"}],"wp:featuredmedia":[{"embeddable":true,"href":"https:\/\/www.europesays.com\/se\/wp-json\/wp\/v2\/media\/122688"}],"wp:attachment":[{"href":"https:\/\/www.europesays.com\/se\/wp-json\/wp\/v2\/media?parent=122687"}],"wp:term":[{"taxonomy":"category","embeddable":true,"href":"https:\/\/www.europesays.com\/se\/wp-json\/wp\/v2\/categories?post=122687"},{"taxonomy":"post_tag","embeddable":true,"href":"https:\/\/www.europesays.com\/se\/wp-json\/wp\/v2\/tags?post=122687"}],"curies":[{"name":"wp","href":"https:\/\/api.w.org\/{rel}","templated":true}]}}