{"id":122689,"date":"2026-01-01T15:42:15","date_gmt":"2026-01-01T15:42:15","guid":{"rendered":"https:\/\/www.europesays.com\/se\/122689\/"},"modified":"2026-01-01T15:42:15","modified_gmt":"2026-01-01T15:42:15","slug":"ett-av-polisens-spar-mordade-kvinnan-hade-lagt-ut-annons-pa-saljsida","status":"publish","type":"post","link":"https:\/\/www.europesays.com\/se\/122689\/","title":{"rendered":"Ett av polisens sp\u00e5r: M\u00f6rdade kvinnan hade lagt ut annons p\u00e5 s\u00e4ljsida"},"content":{"rendered":"<p>Polisen har en relativt klar bild av vad som utspelade sig i villan i Boden n\u00e4r en mamma i 55-\u00e5rs\u00e5ldern m\u00f6rdades och tv\u00e5 flickor skadades, p\u00e5 juldagen i det som har beskrivits som ett vansinnesd\u00e5d.<\/p>\n<p>Polisen har s\u00e5 h\u00e4r l\u00e5ngt inte kunnat hitta en tydlig koppling mellan g\u00e4rningsmannen och offren. Man har inte heller kunnat hitta en f\u00f6rklaring till varf\u00f6r mannen kom till villan p\u00e5 juldagsmorgonen. <\/p>\n<p>Annons p\u00e5 f\u00f6rs\u00e4ljningssida utreds<\/p>\n<p>Ett av de sp\u00e5r som polisen nu utreder f\u00f6r att ta reda p\u00e5 varf\u00f6r mannen kom till familjens bostad, en annons som den m\u00f6rdade kvinnan lagt ut p\u00e5 en f\u00f6rs\u00e4ljningssida p\u00e5 n\u00e4tet, vilket <a href=\"https:\/\/www.aftonbladet.se\/nyheter\/a\/M7Rv0m\/boden-mordet-kvinnan-hade-lagt-ut-annons-pa-natet\" rel=\"nofollow noopener\" target=\"_blank\">Aftonbladet<\/a> var f\u00f6rst med att ber\u00e4tta.<\/p>\n<p>\u2013 Vi har sett att hon haft ute en annons f\u00f6r en vara p\u00e5 en f\u00f6rs\u00e4ljningssida p\u00e5 internet. Det \u00e4r en av m\u00e5nga saker vi nu utreder som en m\u00f6jlig orsak till att mannen kom till bostaden, bekr\u00e4ftar kammar\u00e5klagare Kristin Andersson f\u00f6r SVT Norrbotten.<\/p>\n<p>Enligt uppgifter till Aftonbladet v\u00e4ntade kvinnan p\u00e5 att n\u00e5gon skulle h\u00e4mta varan. <\/p>\n<p>Vad handlar det om f\u00f6r vara?<\/p>\n<p>\u2013 Det \u00e4r en helt vardaglig vara.<\/p>\n<p>Hur sannolikt \u00e4r det att det \u00e4r det som \u00e4r orsaken till att mannen upps\u00f6kte familjens bostad?<\/p>\n<p>\u2013 Det g\u00e5r inte att v\u00e4rdera i dagsl\u00e4get, s\u00e4ger Kristin Andersson.<\/p>\n","protected":false},"excerpt":{"rendered":"Polisen har en relativt klar bild av vad som utspelade sig i villan i Boden n\u00e4r en mamma&hellip;\n","protected":false},"author":2,"featured_media":122690,"comment_status":"","ping_status":"","sticky":false,"template":"","format":"standard","meta":{"footnotes":""},"categories":[5],"tags":[22,23,26,27,17,21,24,25,28,29,15,16,18,34,31,33,32,30,19,20],"class_list":{"0":"post-122689","1":"post","2":"type-post","3":"status-publish","4":"format-standard","5":"has-post-thumbnail","7":"category-rubriker","8":"tag-breaking-news","9":"tag-breakingnews","10":"tag-featured-news","11":"tag-featurednews","12":"tag-headlines","13":"tag-huvudnyheter","14":"tag-latest-news","15":"tag-latestnews","16":"tag-main-news","17":"tag-mainnews","18":"tag-news","19":"tag-nyheter","20":"tag-rubriker","21":"tag-se","22":"tag-svenska","23":"tag-sverige","24":"tag-sweden","25":"tag-swedish","26":"tag-top-stories","27":"tag-topstories"},"share_on_mastodon":{"url":"https:\/\/pubeurope.com\/@se\/115820609037582631","error":""},"_links":{"self":[{"href":"https:\/\/www.europesays.com\/se\/wp-json\/wp\/v2\/posts\/122689","targetHints":{"allow":["GET"]}}],"collection":[{"href":"https:\/\/www.europesays.com\/se\/wp-json\/wp\/v2\/posts"}],"about":[{"href":"https:\/\/www.europesays.com\/se\/wp-json\/wp\/v2\/types\/post"}],"author":[{"embeddable":true,"href":"https:\/\/www.europesays.com\/se\/wp-json\/wp\/v2\/users\/2"}],"replies":[{"embeddable":true,"href":"https:\/\/www.europesays.com\/se\/wp-json\/wp\/v2\/comments?post=122689"}],"version-history":[{"count":0,"href":"https:\/\/www.europesays.com\/se\/wp-json\/wp\/v2\/posts\/122689\/revisions"}],"wp:featuredmedia":[{"embeddable":true,"href":"https:\/\/www.europesays.com\/se\/wp-json\/wp\/v2\/media\/122690"}],"wp:attachment":[{"href":"https:\/\/www.europesays.com\/se\/wp-json\/wp\/v2\/media?parent=122689"}],"wp:term":[{"taxonomy":"category","embeddable":true,"href":"https:\/\/www.europesays.com\/se\/wp-json\/wp\/v2\/categories?post=122689"},{"taxonomy":"post_tag","embeddable":true,"href":"https:\/\/www.europesays.com\/se\/wp-json\/wp\/v2\/tags?post=122689"}],"curies":[{"name":"wp","href":"https:\/\/api.w.org\/{rel}","templated":true}]}}