{"id":122693,"date":"2026-01-01T15:47:34","date_gmt":"2026-01-01T15:47:34","guid":{"rendered":"https:\/\/www.europesays.com\/se\/122693\/"},"modified":"2026-01-01T15:47:34","modified_gmt":"2026-01-01T15:47:34","slug":"stort-prislyft-vantar-inom-hemelektronik","status":"publish","type":"post","link":"https:\/\/www.europesays.com\/se\/122693\/","title":{"rendered":"Stort prislyft v\u00e4ntar inom hemelektronik"},"content":{"rendered":"<p>Konsumenter b\u00f6r r\u00e4kna med prish\u00f6jningar i \u00e5r p\u00e5 upp till 20 procent f\u00f6r mobiltelefoner, datorer och hush\u00e5llsapparater, varnar analytiker och tillverkare enligt Financial Times.<\/p>\n<p>Den snabbt v\u00e4xande efterfr\u00e5gan p\u00e5 AI ligger bakom och driver upp priserna p\u00e5 minneskretsar till hemelektronik. Tillverkare som Dell, Lenovo och Xiaomi varnar f\u00f6r att brist p\u00e5 enklare minneschip \u00f6kar kostnaderna, och kan enligt analytiker tvinga fram pris\u00f6kningar p\u00e5 5\u201320 procent.<\/p>\n<p>\u2013 Vi har aldrig sett kostnaderna stiga i den h\u00e4r takten tidigare, s\u00e4ger Dells operative chef Jeff Clarke och till\u00e4gger att effekten \u201doundvikligen\u201d kommer att n\u00e5 konsumenterna.<\/p>\n<p>Omni \u00e4r politiskt obundna och oberoende. Vi str\u00e4var efter att ge fler perspektiv p\u00e5 nyheterna. Har du fr\u00e5gor eller synpunkter kring v\u00e5r rapportering? <a href=\"https:\/\/omni.se\/varningen-stort-prislyft-vantar-inom-hemelektronik-i-ar\/a\/mailto:redaktion@omni.se\" class=\"ArticleActions_contactLink__W2F1M\" rel=\"nofollow noopener\" target=\"_blank\">Kontakta redaktionen<\/a><\/p>\n","protected":false},"excerpt":{"rendered":"Konsumenter b\u00f6r r\u00e4kna med prish\u00f6jningar i \u00e5r p\u00e5 upp till 20 procent f\u00f6r mobiltelefoner, datorer och hush\u00e5llsapparater, varnar&hellip;\n","protected":false},"author":2,"featured_media":122694,"comment_status":"","ping_status":"","sticky":false,"template":"","format":"standard","meta":{"footnotes":""},"categories":[65],"tags":[466,72,333,756,952,70,71,5741,334,7192,268,1269,34,31,33,32,30,74,7141],"class_list":{"0":"post-122693","1":"post","2":"type-post","3":"status-publish","4":"format-standard","5":"has-post-thumbnail","7":"category-ekonomi","8":"tag-artificiell-intelligens","9":"tag-business","10":"tag-data","11":"tag-dell","12":"tag-detaljhandel","13":"tag-economy","14":"tag-ekonomi","15":"tag-hemelektronik","16":"tag-it-hogteknologi","17":"tag-lenovo","18":"tag-nordamerika","19":"tag-sallankopshandel","20":"tag-se","21":"tag-svenska","22":"tag-sverige","23":"tag-sweden","24":"tag-swedish","25":"tag-usa","26":"tag-xiaomi"},"share_on_mastodon":{"url":"https:\/\/pubeurope.com\/@se\/115820628789497966","error":""},"_links":{"self":[{"href":"https:\/\/www.europesays.com\/se\/wp-json\/wp\/v2\/posts\/122693","targetHints":{"allow":["GET"]}}],"collection":[{"href":"https:\/\/www.europesays.com\/se\/wp-json\/wp\/v2\/posts"}],"about":[{"href":"https:\/\/www.europesays.com\/se\/wp-json\/wp\/v2\/types\/post"}],"author":[{"embeddable":true,"href":"https:\/\/www.europesays.com\/se\/wp-json\/wp\/v2\/users\/2"}],"replies":[{"embeddable":true,"href":"https:\/\/www.europesays.com\/se\/wp-json\/wp\/v2\/comments?post=122693"}],"version-history":[{"count":0,"href":"https:\/\/www.europesays.com\/se\/wp-json\/wp\/v2\/posts\/122693\/revisions"}],"wp:featuredmedia":[{"embeddable":true,"href":"https:\/\/www.europesays.com\/se\/wp-json\/wp\/v2\/media\/122694"}],"wp:attachment":[{"href":"https:\/\/www.europesays.com\/se\/wp-json\/wp\/v2\/media?parent=122693"}],"wp:term":[{"taxonomy":"category","embeddable":true,"href":"https:\/\/www.europesays.com\/se\/wp-json\/wp\/v2\/categories?post=122693"},{"taxonomy":"post_tag","embeddable":true,"href":"https:\/\/www.europesays.com\/se\/wp-json\/wp\/v2\/tags?post=122693"}],"curies":[{"name":"wp","href":"https:\/\/api.w.org\/{rel}","templated":true}]}}