{"id":122695,"date":"2026-01-01T15:48:08","date_gmt":"2026-01-01T15:48:08","guid":{"rendered":"https:\/\/www.europesays.com\/se\/122695\/"},"modified":"2026-01-01T15:48:08","modified_gmt":"2026-01-01T15:48:08","slug":"man-anhallen-for-valdtakt-pa-fest","status":"publish","type":"post","link":"https:\/\/www.europesays.com\/se\/122695\/","title":{"rendered":"Man anh\u00e5llen f\u00f6r v\u00e5ldt\u00e4kt p\u00e5 fest"},"content":{"rendered":"<p>Det var under ny\u00e5rsnatten som polisen larmades till en ort i sydv\u00e4stra delarna av l\u00e4net, d\u00e4r en man ska ha v\u00e5ldtagit en ung kvinna i samband med en fest.\u00a0Polisen skickade flera patruller till platsen och grep den misst\u00e4nkte g\u00e4rningspersonen, en man i tjugo\u00e5rs\u00e5ldern.\u00a0Brottsplatsen sp\u00e5rs\u00e4krades och polisen h\u00f6ll \u00e4ven f\u00f6rh\u00f6r med flera personer p\u00e5 festen. Senare under ny\u00e5r<\/p>\n","protected":false},"excerpt":{"rendered":"Det var under ny\u00e5rsnatten som polisen larmades till en ort i sydv\u00e4stra delarna av l\u00e4net, d\u00e4r en man&hellip;\n","protected":false},"author":2,"featured_media":1027,"comment_status":"","ping_status":"","sticky":false,"template":"","format":"standard","meta":{"footnotes":""},"categories":[14],"tags":[22,23,26,27,17,21,24,25,28,29,15,16,18,34,31,33,32,30,19,20,51,52,53,54],"class_list":{"0":"post-122695","1":"post","2":"type-post","3":"status-publish","4":"format-standard","5":"has-post-thumbnail","7":"category-varlden","8":"tag-breaking-news","9":"tag-breakingnews","10":"tag-featured-news","11":"tag-featurednews","12":"tag-headlines","13":"tag-huvudnyheter","14":"tag-latest-news","15":"tag-latestnews","16":"tag-main-news","17":"tag-mainnews","18":"tag-news","19":"tag-nyheter","20":"tag-rubriker","21":"tag-se","22":"tag-svenska","23":"tag-sverige","24":"tag-sweden","25":"tag-swedish","26":"tag-top-stories","27":"tag-topstories","28":"tag-varlden","29":"tag-world","30":"tag-world-news","31":"tag-worldnews"},"share_on_mastodon":{"url":"https:\/\/pubeurope.com\/@se\/115820633155287901","error":""},"_links":{"self":[{"href":"https:\/\/www.europesays.com\/se\/wp-json\/wp\/v2\/posts\/122695","targetHints":{"allow":["GET"]}}],"collection":[{"href":"https:\/\/www.europesays.com\/se\/wp-json\/wp\/v2\/posts"}],"about":[{"href":"https:\/\/www.europesays.com\/se\/wp-json\/wp\/v2\/types\/post"}],"author":[{"embeddable":true,"href":"https:\/\/www.europesays.com\/se\/wp-json\/wp\/v2\/users\/2"}],"replies":[{"embeddable":true,"href":"https:\/\/www.europesays.com\/se\/wp-json\/wp\/v2\/comments?post=122695"}],"version-history":[{"count":0,"href":"https:\/\/www.europesays.com\/se\/wp-json\/wp\/v2\/posts\/122695\/revisions"}],"wp:featuredmedia":[{"embeddable":true,"href":"https:\/\/www.europesays.com\/se\/wp-json\/wp\/v2\/media\/1027"}],"wp:attachment":[{"href":"https:\/\/www.europesays.com\/se\/wp-json\/wp\/v2\/media?parent=122695"}],"wp:term":[{"taxonomy":"category","embeddable":true,"href":"https:\/\/www.europesays.com\/se\/wp-json\/wp\/v2\/categories?post=122695"},{"taxonomy":"post_tag","embeddable":true,"href":"https:\/\/www.europesays.com\/se\/wp-json\/wp\/v2\/tags?post=122695"}],"curies":[{"name":"wp","href":"https:\/\/api.w.org\/{rel}","templated":true}]}}