{"id":122696,"date":"2026-01-01T15:49:07","date_gmt":"2026-01-01T15:49:07","guid":{"rendered":"https:\/\/www.europesays.com\/se\/122696\/"},"modified":"2026-01-01T15:49:07","modified_gmt":"2026-01-01T15:49:07","slug":"mammans-sista-kontakt-innan-mordet-paminde-om-matladan","status":"publish","type":"post","link":"https:\/\/www.europesays.com\/se\/122696\/","title":{"rendered":"Mammans sista kontakt innan mordet \u2013 p\u00e5minde om matl\u00e5dan"},"content":{"rendered":"<p>Artikeln publicerades f\u00f6rsta g\u00e5ngen 2 oktober 2025.Senast klockan 21 ska han vara hemma. Det har mamma best\u00e4mt. Det \u00e4r tisdag kv\u00e4ll, pojken \u00e4r 15 \u00e5r och har sagt att han ska hem till en kompis.Skolavslutningen i nian ligger mindre \u00e4n en m\u00e5nad bort och p\u00e5 morgonen var det nationella prov. I den sista kontakten p\u00e5minner mamman om att han ska k\u00f6pa n\u00e5got att ha i matl\u00e5dan<\/p>\n","protected":false},"excerpt":{"rendered":"Artikeln publicerades f\u00f6rsta g\u00e5ngen 2 oktober 2025.Senast klockan 21 ska han vara hemma. Det har mamma best\u00e4mt. Det&hellip;\n","protected":false},"author":2,"featured_media":122697,"comment_status":"","ping_status":"","sticky":false,"template":"","format":"standard","meta":{"footnotes":""},"categories":[12],"tags":[22,23,26,27,17,21,24,25,28,29,15,16,18,34,31,33,32,30,19,20],"class_list":{"0":"post-122696","1":"post","2":"type-post","3":"status-publish","4":"format-standard","5":"has-post-thumbnail","7":"category-sverige","8":"tag-breaking-news","9":"tag-breakingnews","10":"tag-featured-news","11":"tag-featurednews","12":"tag-headlines","13":"tag-huvudnyheter","14":"tag-latest-news","15":"tag-latestnews","16":"tag-main-news","17":"tag-mainnews","18":"tag-news","19":"tag-nyheter","20":"tag-rubriker","21":"tag-se","22":"tag-svenska","23":"tag-sverige","24":"tag-sweden","25":"tag-swedish","26":"tag-top-stories","27":"tag-topstories"},"share_on_mastodon":{"url":"https:\/\/pubeurope.com\/@se\/115820636623458749","error":""},"_links":{"self":[{"href":"https:\/\/www.europesays.com\/se\/wp-json\/wp\/v2\/posts\/122696","targetHints":{"allow":["GET"]}}],"collection":[{"href":"https:\/\/www.europesays.com\/se\/wp-json\/wp\/v2\/posts"}],"about":[{"href":"https:\/\/www.europesays.com\/se\/wp-json\/wp\/v2\/types\/post"}],"author":[{"embeddable":true,"href":"https:\/\/www.europesays.com\/se\/wp-json\/wp\/v2\/users\/2"}],"replies":[{"embeddable":true,"href":"https:\/\/www.europesays.com\/se\/wp-json\/wp\/v2\/comments?post=122696"}],"version-history":[{"count":0,"href":"https:\/\/www.europesays.com\/se\/wp-json\/wp\/v2\/posts\/122696\/revisions"}],"wp:featuredmedia":[{"embeddable":true,"href":"https:\/\/www.europesays.com\/se\/wp-json\/wp\/v2\/media\/122697"}],"wp:attachment":[{"href":"https:\/\/www.europesays.com\/se\/wp-json\/wp\/v2\/media?parent=122696"}],"wp:term":[{"taxonomy":"category","embeddable":true,"href":"https:\/\/www.europesays.com\/se\/wp-json\/wp\/v2\/categories?post=122696"},{"taxonomy":"post_tag","embeddable":true,"href":"https:\/\/www.europesays.com\/se\/wp-json\/wp\/v2\/tags?post=122696"}],"curies":[{"name":"wp","href":"https:\/\/api.w.org\/{rel}","templated":true}]}}