{"id":122698,"date":"2026-01-01T15:50:18","date_gmt":"2026-01-01T15:50:18","guid":{"rendered":"https:\/\/www.europesays.com\/se\/122698\/"},"modified":"2026-01-01T15:50:18","modified_gmt":"2026-01-01T15:50:18","slug":"ny-norsk-backhoppningsskandal-diskad-for-fusk-med-sulan-alpint","status":"publish","type":"post","link":"https:\/\/www.europesays.com\/se\/122698\/","title":{"rendered":"Ny norsk backhoppningsskandal \u2013 diskad f\u00f6r fusk med sulan | Alpint"},"content":{"rendered":"<p>Publicerad 1 jan 2026 kl 14.30Uppdaterad kl 16.37<\/p>\n<p>Norsk backhoppning blir inte kvitt sina skandaler.<\/p>\n<p>Tv\u00e5 nya hoppare har diskats f\u00f6r utrustningsfusk.\u00a0<\/p>\n<p>\u201dNu g\u00f6mmer de det till och med i strumpor\u201d, skriver Bild.<\/p>\n<p><img   alt=\"\"\/><\/p>\n<p>Anna Odine Str\u00f6m.<\/p>\n<p>Foto: Terje Pedersen \/ TT NYHETSBYR\u00c5N<\/p>\n<p>\u00d6ppna bild i helsk\u00e4rm<img loading=\"lazy\"   alt=\"\"\/><\/p>\n<p>Halvor Egner Granerud.<\/p>\n<p>Foto: ACTION PRESS \/ STELLA PICTURES<\/p>\n<p>\u00d6ppna bild i helsk\u00e4rm<\/p>\n<p>Under VM i Trondheim ertappades de norska backhopparna Johann Andr\u00e9 Forfang och Marius Lindvik med manipulerade dr\u00e4kter.\u00a0<\/p>\n<p>De st\u00e4ngdes d\u00e4rf\u00f6r av i tre m\u00e5nader vardera och tvingades betala 25 000 kronor i b\u00f6ter.<\/p>\n<p>I november gick Johann Andr\u00e9 Forfang ut med att han blivit djupt skuldsatt till f\u00f6ljd av avst\u00e4ngningen.<\/p>\n<p>Och nu skakas Norge av en ny backhoppningsskandal.<\/p>\n<p>Hade f\u00f6r tjock sula \u2013 diskas<\/p>\n<p>Under veckans v\u00e4rldscupt\u00e4vling i Garmisch-Partenkirchen har tv\u00e5 nya hoppare diskats p\u00e5 grund av fusk med utrustningen.<\/p>\n<p>Halvor Egner Granerud bar en f\u00f6r kort dr\u00e4kt.<\/p>\n<p>Och Anna Odine Str\u00f6m, Norges b\u00e4sta hoppare denna s\u00e4song, hade lagt i en f\u00f6r tjock sula i pj\u00e4xan.<\/p>\n<p>Det r\u00e5der inga tvivel om att det \u00e4r otill\u00e5tet, enligt <a href=\"https:\/\/www.nrk.no\/sport\/hoppuka_-anna-odine-strom-diskvalifisert-for-mulig-norsk-regelbrudd_-_-vi-burde-sagt-ifra-1.17710562\" rel=\"nofollow noopener\" target=\"_blank\">NRK<\/a>:s expert Johan Remen Evensen.<\/p>\n<p>\u2013\u00a0Ju h\u00f6gre upp du st\u00e5r p\u00e5 skon, desto l\u00e4gre kan du b\u00e4ra dr\u00e4kten, och d\u00e5 blir grenen l\u00e4gre. Ett grenm\u00e5tt som \u00e4r en centimeter l\u00e4gre \u00e4n resten \u00e4r en stor f\u00f6rdel, s\u00e4ger han.<\/p>\n<p>Enligt <a href=\"https:\/\/www.dagbladet.no\/sport\/norge-hanes\/84044962\" rel=\"nofollow noopener\" target=\"_blank\">Dagbladet<\/a> ska anledningen bakom tricket vara att Anna Odine Str\u00f6ms ben skiljer sig fr\u00e5n varandra p\u00e5 n\u00e5got vis. Enligt tidningen borde detta d\u00e4remot rapporterats till Fis, vilket det inte gjort.<\/p>\n<p>S\u00e5gas i Tyskland: \u201dMegaskandal\u201d<\/p>\n<p>I internationell press g\u00e5r man nu h\u00e5rt \u00e5t det norska backhoppningslandslaget.<\/p>\n<p>\u201dHoppningen har varit djupt skakad sedan megaskandalen\u201d, skriver <a href=\"https:\/\/www.dagbladet.no\/sport\/norge-hanes\/84044962\" rel=\"nofollow noopener\" target=\"_blank\">Bild<\/a> och forts\u00e4tter:<\/p>\n<p>\u201dNu g\u00f6mmer de det till och med i strumpor&#8230;\u201d<\/p>\n<p>V\u00e4rldscupt\u00e4vlingen i Garmisch-Partenkirchen avg\u00f6rs under ny\u00e5rsdagen.<\/p>\n<p><img alt=\"\"\/>Ljudklippet gick inte att spela upp<\/p>\n<p>F\u00f6rs\u00f6k igen senare<\/p>\n","protected":false},"excerpt":{"rendered":"Publicerad 1 jan 2026 kl 14.30Uppdaterad kl 16.37 Norsk backhoppning blir inte kvitt sina skandaler. Tv\u00e5 nya hoppare&hellip;\n","protected":false},"author":2,"featured_media":122699,"comment_status":"","ping_status":"","sticky":false,"template":"","format":"standard","meta":{"footnotes":""},"categories":[5],"tags":[22,23,26,27,17,21,24,25,28,29,15,16,18,34,1175,31,33,32,30,19,20],"class_list":{"0":"post-122698","1":"post","2":"type-post","3":"status-publish","4":"format-standard","5":"has-post-thumbnail","7":"category-rubriker","8":"tag-breaking-news","9":"tag-breakingnews","10":"tag-featured-news","11":"tag-featurednews","12":"tag-headlines","13":"tag-huvudnyheter","14":"tag-latest-news","15":"tag-latestnews","16":"tag-main-news","17":"tag-mainnews","18":"tag-news","19":"tag-nyheter","20":"tag-rubriker","21":"tag-se","22":"tag-sections-alpint","23":"tag-svenska","24":"tag-sverige","25":"tag-sweden","26":"tag-swedish","27":"tag-top-stories","28":"tag-topstories"},"share_on_mastodon":{"url":"https:\/\/pubeurope.com\/@se\/115820640513099927","error":""},"_links":{"self":[{"href":"https:\/\/www.europesays.com\/se\/wp-json\/wp\/v2\/posts\/122698","targetHints":{"allow":["GET"]}}],"collection":[{"href":"https:\/\/www.europesays.com\/se\/wp-json\/wp\/v2\/posts"}],"about":[{"href":"https:\/\/www.europesays.com\/se\/wp-json\/wp\/v2\/types\/post"}],"author":[{"embeddable":true,"href":"https:\/\/www.europesays.com\/se\/wp-json\/wp\/v2\/users\/2"}],"replies":[{"embeddable":true,"href":"https:\/\/www.europesays.com\/se\/wp-json\/wp\/v2\/comments?post=122698"}],"version-history":[{"count":0,"href":"https:\/\/www.europesays.com\/se\/wp-json\/wp\/v2\/posts\/122698\/revisions"}],"wp:featuredmedia":[{"embeddable":true,"href":"https:\/\/www.europesays.com\/se\/wp-json\/wp\/v2\/media\/122699"}],"wp:attachment":[{"href":"https:\/\/www.europesays.com\/se\/wp-json\/wp\/v2\/media?parent=122698"}],"wp:term":[{"taxonomy":"category","embeddable":true,"href":"https:\/\/www.europesays.com\/se\/wp-json\/wp\/v2\/categories?post=122698"},{"taxonomy":"post_tag","embeddable":true,"href":"https:\/\/www.europesays.com\/se\/wp-json\/wp\/v2\/tags?post=122698"}],"curies":[{"name":"wp","href":"https:\/\/api.w.org\/{rel}","templated":true}]}}