{"id":122703,"date":"2026-01-01T15:55:35","date_gmt":"2026-01-01T15:55:35","guid":{"rendered":"https:\/\/www.europesays.com\/se\/122703\/"},"modified":"2026-01-01T15:55:35","modified_gmt":"2026-01-01T15:55:35","slug":"seoul-och-tel-aviv-bland-arets-vinnarborser-kopenhamn-i-botten","status":"publish","type":"post","link":"https:\/\/www.europesays.com\/se\/122703\/","title":{"rendered":"Seoul och Tel Aviv bland \u00e5rets vinnarb\u00f6rser \u2013 K\u00f6penhamn i botten"},"content":{"rendered":"<p>Tillv\u00e4xtl\u00e4nder och Europa h\u00f6r till vinnarna n\u00e4r b\u00f6rs\u00e5ret nu summeras, visar Omni Ekonomis genomg\u00e5ng. Ut\u00f6ver flera afrikanska l\u00e4nder h\u00f6rde sydkoreanska Kospi till de absoluta vinnar\u2026<\/p>\n<p>Omni \u00e4r politiskt obundna och oberoende. Vi str\u00e4var efter att ge fler perspektiv p\u00e5 nyheterna. Har du fr\u00e5gor eller synpunkter kring v\u00e5r rapportering? <a href=\"https:\/\/omniekonomi.se\/lista-seoul-och-tel-aviv-bland-arets-vinnarborser-kopenhamn-i-botten\/a\/mailto:eko@omni.se\" class=\"ArticleActions_contactLink__W2F1M\" rel=\"nofollow noopener\" target=\"_blank\">Kontakta redaktionen<\/a><\/p>\n","protected":false},"excerpt":{"rendered":"Tillv\u00e4xtl\u00e4nder och Europa h\u00f6r till vinnarna n\u00e4r b\u00f6rs\u00e5ret nu summeras, visar Omni Ekonomis genomg\u00e5ng. Ut\u00f6ver flera afrikanska l\u00e4nder&hellip;\n","protected":false},"author":2,"featured_media":122704,"comment_status":"","ping_status":"","sticky":false,"template":"","format":"standard","meta":{"footnotes":""},"categories":[65],"tags":[6812,12935,72,70,71,6388,34,467,31,33,32,30,398],"class_list":{"0":"post-122703","1":"post","2":"type-post","3":"status-publish","4":"format-standard","5":"has-post-thumbnail","7":"category-ekonomi","8":"tag-asienborserna","9":"tag-borsgrepp","10":"tag-business","11":"tag-economy","12":"tag-ekonomi","13":"tag-europaborserna","14":"tag-se","15":"tag-stockholmsborsen","16":"tag-svenska","17":"tag-sverige","18":"tag-sweden","19":"tag-swedish","20":"tag-wall-street"},"share_on_mastodon":{"url":"https:\/\/pubeurope.com\/@se\/115820660181823782","error":""},"_links":{"self":[{"href":"https:\/\/www.europesays.com\/se\/wp-json\/wp\/v2\/posts\/122703","targetHints":{"allow":["GET"]}}],"collection":[{"href":"https:\/\/www.europesays.com\/se\/wp-json\/wp\/v2\/posts"}],"about":[{"href":"https:\/\/www.europesays.com\/se\/wp-json\/wp\/v2\/types\/post"}],"author":[{"embeddable":true,"href":"https:\/\/www.europesays.com\/se\/wp-json\/wp\/v2\/users\/2"}],"replies":[{"embeddable":true,"href":"https:\/\/www.europesays.com\/se\/wp-json\/wp\/v2\/comments?post=122703"}],"version-history":[{"count":0,"href":"https:\/\/www.europesays.com\/se\/wp-json\/wp\/v2\/posts\/122703\/revisions"}],"wp:featuredmedia":[{"embeddable":true,"href":"https:\/\/www.europesays.com\/se\/wp-json\/wp\/v2\/media\/122704"}],"wp:attachment":[{"href":"https:\/\/www.europesays.com\/se\/wp-json\/wp\/v2\/media?parent=122703"}],"wp:term":[{"taxonomy":"category","embeddable":true,"href":"https:\/\/www.europesays.com\/se\/wp-json\/wp\/v2\/categories?post=122703"},{"taxonomy":"post_tag","embeddable":true,"href":"https:\/\/www.europesays.com\/se\/wp-json\/wp\/v2\/tags?post=122703"}],"curies":[{"name":"wp","href":"https:\/\/api.w.org\/{rel}","templated":true}]}}