{"id":122707,"date":"2026-01-01T15:57:13","date_gmt":"2026-01-01T15:57:13","guid":{"rendered":"https:\/\/www.europesays.com\/se\/122707\/"},"modified":"2026-01-01T15:57:13","modified_gmt":"2026-01-01T15:57:13","slug":"nya-stromavbrott-nar-anna-drar-in","status":"publish","type":"post","link":"https:\/\/www.europesays.com\/se\/122707\/","title":{"rendered":"Nya str\u00f6mavbrott n\u00e4r Anna drar in"},"content":{"rendered":"<p class=\"boxtextgrotesk-root_baa6 hyperion-css-7pajle\">Uppdaterad 16.56 | Publicerad 16.07<\/p>\n<p>share-arrowDela<\/p>\n<p>unsaveSpara<\/p>\n<p>expand-left<\/p>\n<p>helsk\u00e4rm<img decoding=\"async\" class=\"image-asset hyperion-css-u06ts1\" data-test-tag=\"image-asset\" src=\"https:\/\/www.europesays.com\/se\/wp-content\/uploads\/2026\/01\/30248fb2-d389-4f74-b293-53e4b03712f1.jpeg\"  alt=\"Sn\u00f6ov\u00e4dret Anna skapar kaos.\"  loading=\"eager\" fetchpriority=\"high\" style=\"aspect-ratio:1900 \/ 1267\"\/>Sn\u00f6ov\u00e4dret Anna skapar kaos. Foto: Fredrik Sandberg\/TT<\/p>\n<p class=\"hyperion-css-1shl3oz\" data-test-tag=\"lead-text\">F\u00f6rst kom Johannes.<\/p>\n<p class=\"hyperion-css-1shl3oz\" data-test-tag=\"lead-text\">Nu har Anna avl\u00f6st honom.<\/p>\n<p class=\"hyperion-css-1shl3oz\" data-test-tag=\"lead-text\">P\u00e5 ny\u00e5rsdagen \u00e4r 4 000 hush\u00e5ll i G\u00e4vleborg utan str\u00f6m. <\/p>\n<p class=\"hyperion-css-1v9qo5x\">Sn\u00f6ov\u00e4dret Anna drar in \u00f6ver <a data-test-tag=\"internal-link\" href=\"https:\/\/www.aftonbladet.se\/tagg\/gavleborgs-lan\" class=\"hyperion-css-15jkft9\" rel=\"nofollow noopener\" target=\"\" aria-label=\"G\u00e4vleborgs l\u00e4n\">G\u00e4vleborgs l\u00e4n<\/a>.<\/p>\n<p class=\"hyperion-css-1v9qo5x\">Just nu \u00e4r \u00f6ver 4 000 hush\u00e5ll utan str\u00f6m i l\u00e4net. Ungef\u00e4r h\u00e4lften \u00e4r i Bolln\u00e4s. <\/p>\n<p class=\"hyperion-css-1v9qo5x\">Reparationsarbetet kommer att p\u00e5g\u00e5 med full styrka under dagen, meddelar Ellevio. <\/p>\n<p class=\"hyperion-css-1v9qo5x\">\u201dUnder natten har mer material transporterats hit samtidigt som ytterligare 20 mont\u00f6rer anl\u00e4nder under dagen. P\u00e5 grund av sn\u00f6ov\u00e4dret kan inte helikoptrarna flyga idag\u201d, skriver de p\u00e5 sin hemsida.<\/p>\n<p class=\"hyperion-css-1v9qo5x\">\u2013 Ungef\u00e4r 2\u00a0000 har varit utan str\u00f6m sedan i l\u00f6rdags. Det \u00e4r oerh\u00f6rt tuffa f\u00f6ruts\u00e4ttningar, s\u00e4ger Ellevios presschef Jesper Liver\u00f6d till TT<\/p>\n<p>Bussar st\u00e4lls in<\/p>\n<p class=\"hyperion-css-1v9qo5x\">I H\u00e4lsingland har all busstrafik st\u00e4llts in p\u00e5 grund av v\u00e4dervarningarna och h\u00e5rda vindar, skriver <a aria-label=\"Ljusnan. \" class=\"default hyperion-css-15jkft9\" href=\"https:\/\/www.ljusnan.se\/2025-12-29\/hang-med-i-ljusnans-liveflode-NMmsU\/\" rel=\"noopener nofollow noreferrer\" data-test-tag=\"external-link\" target=\"_blank\">Ljusnan. <\/a><\/p>\n<p class=\"hyperion-css-1v9qo5x\">Extrema m\u00e4ngder sn\u00f6 och kraftiga vindar v\u00e4ntas. <\/p>\n<p class=\"hyperion-css-1v9qo5x\">SMHI har utf\u00e4rdat v\u00e4dervarningar i halva landet.<\/p>\n<p class=\"hyperion-css-1v9qo5x\">Den allvarligaste varningen, r\u00f6d, g\u00e4ller i delar av G\u00e4vleborgs l\u00e4n hela natten fram till klockan 7 p\u00e5 fredagsmorgonen. Det kan komma en halvmeter sn\u00f6.<\/p>\n<p>expand-left<\/p>\n<p>helsk\u00e4rm<img decoding=\"async\" class=\"image-asset hyperion-css-u06ts1\" data-test-tag=\"image-asset\" src=\"https:\/\/www.europesays.com\/se\/wp-content\/uploads\/2026\/01\/4921c482-031d-40a9-9982-3921418c2c87.jpeg\"  alt=\"\"  loading=\"eager\" fetchpriority=\"high\" style=\"aspect-ratio:1900 \/ 1267\"\/> Foto: Fredrik Sandberg\/TT \/ TT Nyhetsbyr\u00e5n<\/p>\n","protected":false},"excerpt":{"rendered":"Uppdaterad 16.56 | Publicerad 16.07 share-arrowDela unsaveSpara expand-left helsk\u00e4rmSn\u00f6ov\u00e4dret Anna skapar kaos. Foto: Fredrik Sandberg\/TT F\u00f6rst kom Johannes.&hellip;\n","protected":false},"author":2,"featured_media":122708,"comment_status":"","ping_status":"","sticky":false,"template":"","format":"standard","meta":{"footnotes":""},"categories":[12],"tags":[22,23,26,27,17,21,24,25,28,29,15,16,18,34,31,33,32,30,19,20],"class_list":{"0":"post-122707","1":"post","2":"type-post","3":"status-publish","4":"format-standard","5":"has-post-thumbnail","7":"category-sverige","8":"tag-breaking-news","9":"tag-breakingnews","10":"tag-featured-news","11":"tag-featurednews","12":"tag-headlines","13":"tag-huvudnyheter","14":"tag-latest-news","15":"tag-latestnews","16":"tag-main-news","17":"tag-mainnews","18":"tag-news","19":"tag-nyheter","20":"tag-rubriker","21":"tag-se","22":"tag-svenska","23":"tag-sverige","24":"tag-sweden","25":"tag-swedish","26":"tag-top-stories","27":"tag-topstories"},"share_on_mastodon":{"url":"https:\/\/pubeurope.com\/@se\/115820668083564411","error":""},"_links":{"self":[{"href":"https:\/\/www.europesays.com\/se\/wp-json\/wp\/v2\/posts\/122707","targetHints":{"allow":["GET"]}}],"collection":[{"href":"https:\/\/www.europesays.com\/se\/wp-json\/wp\/v2\/posts"}],"about":[{"href":"https:\/\/www.europesays.com\/se\/wp-json\/wp\/v2\/types\/post"}],"author":[{"embeddable":true,"href":"https:\/\/www.europesays.com\/se\/wp-json\/wp\/v2\/users\/2"}],"replies":[{"embeddable":true,"href":"https:\/\/www.europesays.com\/se\/wp-json\/wp\/v2\/comments?post=122707"}],"version-history":[{"count":0,"href":"https:\/\/www.europesays.com\/se\/wp-json\/wp\/v2\/posts\/122707\/revisions"}],"wp:featuredmedia":[{"embeddable":true,"href":"https:\/\/www.europesays.com\/se\/wp-json\/wp\/v2\/media\/122708"}],"wp:attachment":[{"href":"https:\/\/www.europesays.com\/se\/wp-json\/wp\/v2\/media?parent=122707"}],"wp:term":[{"taxonomy":"category","embeddable":true,"href":"https:\/\/www.europesays.com\/se\/wp-json\/wp\/v2\/categories?post=122707"},{"taxonomy":"post_tag","embeddable":true,"href":"https:\/\/www.europesays.com\/se\/wp-json\/wp\/v2\/tags?post=122707"}],"curies":[{"name":"wp","href":"https:\/\/api.w.org\/{rel}","templated":true}]}}