{"id":122709,"date":"2026-01-01T15:58:34","date_gmt":"2026-01-01T15:58:34","guid":{"rendered":"https:\/\/www.europesays.com\/se\/122709\/"},"modified":"2026-01-01T15:58:34","modified_gmt":"2026-01-01T15:58:34","slug":"nyarsfirandet-i-blekinge-tonarspojke-skot-raketer-mot-polis","status":"publish","type":"post","link":"https:\/\/www.europesays.com\/se\/122709\/","title":{"rendered":"Ny\u00e5rsfirandet i Blekinge \u2013ton\u00e5rspojke sk\u00f6t raketer mot polis"},"content":{"rendered":"<p>Vid tv\u00e5-tiden p\u00e5 ny\u00e5rsnatten ringde polisen in och ber\u00e4ttade att de hade en ton\u00e5rspojke som skjutit raketer mot patrullen i H\u00f6rvik, S\u00f6lvesborg. <\/p>\n<p>\u2013 Han misst\u00e4nks f\u00f6r bl\u00e5ljussabotage, s\u00e4ger presstalesperson hos polisen i region Syd. <\/p>\n<p>Patrullen tog kontakt med den misst\u00e4nktes v\u00e5rdnadshavare och k\u00f6rde honom sedan hem. <\/p>\n<p>Ingen ska ha skadats vid h\u00e4ndelsen.<\/p>\n<p>I \u00f6vrigt uppger polisen att det varit ett lugnt ny\u00e5rsfirande i l\u00e4net. <\/p>\n<p>Flera mindre brandlarm under ny\u00e5rsnatten<\/p>\n<p>Under ny\u00e5rskv\u00e4llen och natten har r\u00e4ddningstj\u00e4nsten larmats till ett antal mindre br\u00e4nder. Enligt r\u00e4ddningstj\u00e4nstens ledningscentral r\u00f6rde det sig fr\u00e4mst om containrar, sopk\u00e4rl och fyrverkeripj\u00e4ser.<\/p>\n<p>\u2013 Det har varit ett av de lugnaste ny\u00e5rsfiranden p\u00e5 flera \u00e5r, s\u00e4ger en ledningsoperat\u00f6r vid r\u00e4ddningstj\u00e4nstens ledningscentral.<\/p>\n","protected":false},"excerpt":{"rendered":"Vid tv\u00e5-tiden p\u00e5 ny\u00e5rsnatten ringde polisen in och ber\u00e4ttade att de hade en ton\u00e5rspojke som skjutit raketer mot&hellip;\n","protected":false},"author":2,"featured_media":793,"comment_status":"","ping_status":"","sticky":false,"template":"","format":"standard","meta":{"footnotes":""},"categories":[5],"tags":[22,23,26,27,17,21,24,25,28,29,15,16,18,34,31,33,32,30,19,20],"class_list":{"0":"post-122709","1":"post","2":"type-post","3":"status-publish","4":"format-standard","5":"has-post-thumbnail","7":"category-rubriker","8":"tag-breaking-news","9":"tag-breakingnews","10":"tag-featured-news","11":"tag-featurednews","12":"tag-headlines","13":"tag-huvudnyheter","14":"tag-latest-news","15":"tag-latestnews","16":"tag-main-news","17":"tag-mainnews","18":"tag-news","19":"tag-nyheter","20":"tag-rubriker","21":"tag-se","22":"tag-svenska","23":"tag-sverige","24":"tag-sweden","25":"tag-swedish","26":"tag-top-stories","27":"tag-topstories"},"share_on_mastodon":{"url":"https:\/\/pubeurope.com\/@se\/115820671970880714","error":""},"_links":{"self":[{"href":"https:\/\/www.europesays.com\/se\/wp-json\/wp\/v2\/posts\/122709","targetHints":{"allow":["GET"]}}],"collection":[{"href":"https:\/\/www.europesays.com\/se\/wp-json\/wp\/v2\/posts"}],"about":[{"href":"https:\/\/www.europesays.com\/se\/wp-json\/wp\/v2\/types\/post"}],"author":[{"embeddable":true,"href":"https:\/\/www.europesays.com\/se\/wp-json\/wp\/v2\/users\/2"}],"replies":[{"embeddable":true,"href":"https:\/\/www.europesays.com\/se\/wp-json\/wp\/v2\/comments?post=122709"}],"version-history":[{"count":0,"href":"https:\/\/www.europesays.com\/se\/wp-json\/wp\/v2\/posts\/122709\/revisions"}],"wp:featuredmedia":[{"embeddable":true,"href":"https:\/\/www.europesays.com\/se\/wp-json\/wp\/v2\/media\/793"}],"wp:attachment":[{"href":"https:\/\/www.europesays.com\/se\/wp-json\/wp\/v2\/media?parent=122709"}],"wp:term":[{"taxonomy":"category","embeddable":true,"href":"https:\/\/www.europesays.com\/se\/wp-json\/wp\/v2\/categories?post=122709"},{"taxonomy":"post_tag","embeddable":true,"href":"https:\/\/www.europesays.com\/se\/wp-json\/wp\/v2\/tags?post=122709"}],"curies":[{"name":"wp","href":"https:\/\/api.w.org\/{rel}","templated":true}]}}