{"id":122718,"date":"2026-01-01T16:07:22","date_gmt":"2026-01-01T16:07:22","guid":{"rendered":"https:\/\/www.europesays.com\/se\/122718\/"},"modified":"2026-01-01T16:07:22","modified_gmt":"2026-01-01T16:07:22","slug":"snillrik-uppfinnare-far-aldrig-slut-pa-ideer-land-lantbruk","status":"publish","type":"post","link":"https:\/\/www.europesays.com\/se\/122718\/","title":{"rendered":"Snillrik uppfinnare f\u00e5r aldrig slut p\u00e5 id\u00e9er &#8211; Land Lantbruk"},"content":{"rendered":"<ol>\n<li><a href=\"https:\/\/news.google.com\/rss\/articles\/CBMigAFBVV95cUxOSTJVS2Rab1pWRGNVdldWbFBrQTFPLTdsX2lDU2tjUFpKd0JFeVFtQ1VZZlJXUVdHZnRqOUx5dU5PeTI1bEV5VFNhSjZDS2ZxUmc2TWp2WkstZFNyTzhtRTlrclV6ZTZmQTJ0aXhyaHF3XzhyQ3RmTVBLTDliLVgtRw?oc=5\" target=\"_blank\" rel=\"nofollow noopener\">Snillrik uppfinnare f\u00e5r aldrig slut p\u00e5 id\u00e9er<\/a>&nbsp;&nbsp;Land Lantbruk<\/li>\n<li><a href=\"https:\/\/news.google.com\/rss\/articles\/CBMiakFVX3lxTE9xVFBjVkNRa0hPZzhZWEY1SVczaS0tbDlmbnZkek80SEpZRFRRUjRGaVBDcDE3QzdYZmJpRUNGWS1fM1ZtbXlnSGtxUUpOMDFDbG01NklRRzRZNVQ4enVoZGVJZklYTDNXY3c?oc=5\" target=\"_blank\" rel=\"nofollow noopener\">DEBATT: MP: Rusta skogsbruket f\u00f6r framtiden<\/a>&nbsp;&nbsp;\u00d6stersunds-Posten<\/li>\n<li><a href=\"https:\/\/news.google.com\/rss\/articles\/CBMijAFBVV95cUxPQWFBVTJQTG90MDBaTGRrZVMwSlI0WEV3ZzAxMjlfR1Z3ME1CQTVFazc2eWJCYXpMODYtWjRMd2ZVaFhnQnVzcnFMb3ZHYTI3aWdNR3Y0ZDRQTldZNDdjbmNhVVNtcVNxVFpMWmVCMnFJQ21aVVA3amI2TmVVSlZuM1Z2SXZfaVA2XzZLVw?oc=5\" target=\"_blank\" rel=\"nofollow noopener\">Angel\u00e4get att f\u00e5nga helheten i f\u00f6rslaget<\/a>&nbsp;&nbsp;Land Lantbruk<\/li>\n<li><a href=\"https:\/\/news.google.com\/rss\/articles\/CBMikAFBVV95cUxOaGZWVnFOOUpUVk9wS3B0R1Y0bDN2Zjd1b3NlWUVnVnhYNndSZlFTeFdFUFFBZkNsdGRWTUZZUlRXMFdqaXE4SGVvRWR6QnFfU3lGTUw4Q3RkOWlYUjRKeUwxcHBPckxtTlRIbFVwcFVLcFZweWxJa1JlU1ZnTU1JX2tZaW94MmliXzRMenFqNjQ?oc=5\" target=\"_blank\" rel=\"nofollow noopener\">DEBATT: Kronobergs skogsn\u00e4ring kr\u00e4ver tydligare politiska spelregler<\/a>&nbsp;&nbsp;Sm\u00e5landsposten<\/li>\n<li><a href=\"https:\/\/news.google.com\/rss\/articles\/CBMiggFBVV95cUxNTl9hb3ktdW9qRWQ3TXBiYjdFNDJSMmxJejdOUXV0RXFLZEpFVXJwLXZFMF90a3J2LTExV2FpQUJKbXMwa2h6cWZuMjRWVmpCUjdKNW9oUHczNUJZM0dCdFVQRWFja1FUMUN0Z0pqSVFLTEU1cmlqWkNtbE5yYldyNHpR?oc=5\" target=\"_blank\" rel=\"nofollow noopener\">\u00c5ret 2025 i backspegeln<\/a>&nbsp;&nbsp;Land Lantbruk<\/li>\n<\/ol>\n","protected":false},"excerpt":{"rendered":"Snillrik uppfinnare f\u00e5r aldrig slut p\u00e5 id\u00e9er&nbsp;&nbsp;Land Lantbruk DEBATT: MP: Rusta skogsbruket f\u00f6r framtiden&nbsp;&nbsp;\u00d6stersunds-Posten Angel\u00e4get att f\u00e5nga helheten&hellip;\n","protected":false},"author":2,"featured_media":122719,"comment_status":"","ping_status":"","sticky":false,"template":"","format":"standard","meta":{"footnotes":""},"categories":[12],"tags":[22,23,26,27,17,21,24,25,28,29,15,16,18,34,31,33,32,30,19,20],"class_list":{"0":"post-122718","1":"post","2":"type-post","3":"status-publish","4":"format-standard","5":"has-post-thumbnail","7":"category-sverige","8":"tag-breaking-news","9":"tag-breakingnews","10":"tag-featured-news","11":"tag-featurednews","12":"tag-headlines","13":"tag-huvudnyheter","14":"tag-latest-news","15":"tag-latestnews","16":"tag-main-news","17":"tag-mainnews","18":"tag-news","19":"tag-nyheter","20":"tag-rubriker","21":"tag-se","22":"tag-svenska","23":"tag-sverige","24":"tag-sweden","25":"tag-swedish","26":"tag-top-stories","27":"tag-topstories"},"share_on_mastodon":{"url":"https:\/\/pubeurope.com\/@se\/115820707402060800","error":""},"_links":{"self":[{"href":"https:\/\/www.europesays.com\/se\/wp-json\/wp\/v2\/posts\/122718","targetHints":{"allow":["GET"]}}],"collection":[{"href":"https:\/\/www.europesays.com\/se\/wp-json\/wp\/v2\/posts"}],"about":[{"href":"https:\/\/www.europesays.com\/se\/wp-json\/wp\/v2\/types\/post"}],"author":[{"embeddable":true,"href":"https:\/\/www.europesays.com\/se\/wp-json\/wp\/v2\/users\/2"}],"replies":[{"embeddable":true,"href":"https:\/\/www.europesays.com\/se\/wp-json\/wp\/v2\/comments?post=122718"}],"version-history":[{"count":0,"href":"https:\/\/www.europesays.com\/se\/wp-json\/wp\/v2\/posts\/122718\/revisions"}],"wp:featuredmedia":[{"embeddable":true,"href":"https:\/\/www.europesays.com\/se\/wp-json\/wp\/v2\/media\/122719"}],"wp:attachment":[{"href":"https:\/\/www.europesays.com\/se\/wp-json\/wp\/v2\/media?parent=122718"}],"wp:term":[{"taxonomy":"category","embeddable":true,"href":"https:\/\/www.europesays.com\/se\/wp-json\/wp\/v2\/categories?post=122718"},{"taxonomy":"post_tag","embeddable":true,"href":"https:\/\/www.europesays.com\/se\/wp-json\/wp\/v2\/tags?post=122718"}],"curies":[{"name":"wp","href":"https:\/\/api.w.org\/{rel}","templated":true}]}}