{"id":122720,"date":"2026-01-01T16:08:25","date_gmt":"2026-01-01T16:08:25","guid":{"rendered":"https:\/\/www.europesays.com\/se\/122720\/"},"modified":"2026-01-01T16:08:25","modified_gmt":"2026-01-01T16:08:25","slug":"tusentals-stromavbrott-i-stormen-annas-fotspar","status":"publish","type":"post","link":"https:\/\/www.europesays.com\/se\/122720\/","title":{"rendered":"Tusentals str\u00f6mavbrott i stormen Annas fotsp\u00e5r"},"content":{"rendered":"<p>\u00d6ver 4 000 hush\u00e5ll \u00e4r f\u00f6r n\u00e4rvarande str\u00f6ml\u00f6sa i G\u00e4vleborgs l\u00e4n, enligt Ellevios avbrottskarta. D\u00e4rut\u00f6ver \u00e4r \u00f6ver 300 av Eons kunder utan el i l\u00e4net.<\/p>\n<p>Omkring h\u00e4lften av de str\u00f6ml\u00f6sa hush\u00e5llen finns i Bolln\u00e4s, skriver Aftonbladet.<\/p>\n<p>I Nordanstigs kommun har hemtj\u00e4nsten under dagen hj\u00e4lpt till att evakuera personer som blivit str\u00f6ml\u00f6sa, rapporterar SVT G\u00e4vleborg. Kommunen uppmanar samtidigt inv\u00e5narna att stanna inomhus.<\/p>\n<p>Omni \u00e4r politiskt obundna och oberoende. Vi str\u00e4var efter att ge fler perspektiv p\u00e5 nyheterna. Har du fr\u00e5gor eller synpunkter kring v\u00e5r rapportering? <a href=\"https:\/\/omni.se\/tusentals-stromavbrott-i-stormen-annas-fotspar\/a\/mailto:redaktion@omni.se\" class=\"ArticleActions_contactLink__W2F1M\" rel=\"nofollow noopener\" target=\"_blank\">Kontakta redaktionen<\/a><\/p>\n","protected":false},"excerpt":{"rendered":"\u00d6ver 4 000 hush\u00e5ll \u00e4r f\u00f6r n\u00e4rvarande str\u00f6ml\u00f6sa i G\u00e4vleborgs l\u00e4n, enligt Ellevios avbrottskarta. D\u00e4rut\u00f6ver \u00e4r \u00f6ver 300&hellip;\n","protected":false},"author":2,"featured_media":122721,"comment_status":"","ping_status":"","sticky":false,"template":"","format":"standard","meta":{"footnotes":""},"categories":[5],"tags":[12937,22,23,4912,12938,26,27,818,17,21,367,24,25,28,29,15,10982,16,18,34,31,33,32,30,19,20,693],"class_list":{"0":"post-122720","1":"post","2":"type-post","3":"status-publish","4":"format-standard","5":"has-post-thumbnail","7":"category-rubriker","8":"tag-bollnas","9":"tag-breaking-news","10":"tag-breakingnews","11":"tag-ellevio","12":"tag-eon","13":"tag-featured-news","14":"tag-featurednews","15":"tag-gavleborgs-lan","16":"tag-headlines","17":"tag-huvudnyheter","18":"tag-infrastruktur","19":"tag-latest-news","20":"tag-latestnews","21":"tag-main-news","22":"tag-mainnews","23":"tag-news","24":"tag-nordanstig","25":"tag-nyheter","26":"tag-rubriker","27":"tag-se","28":"tag-svenska","29":"tag-sverige","30":"tag-sweden","31":"tag-swedish","32":"tag-top-stories","33":"tag-topstories","34":"tag-vader"},"share_on_mastodon":{"url":"https:\/\/pubeurope.com\/@se\/115820711278913015","error":""},"_links":{"self":[{"href":"https:\/\/www.europesays.com\/se\/wp-json\/wp\/v2\/posts\/122720","targetHints":{"allow":["GET"]}}],"collection":[{"href":"https:\/\/www.europesays.com\/se\/wp-json\/wp\/v2\/posts"}],"about":[{"href":"https:\/\/www.europesays.com\/se\/wp-json\/wp\/v2\/types\/post"}],"author":[{"embeddable":true,"href":"https:\/\/www.europesays.com\/se\/wp-json\/wp\/v2\/users\/2"}],"replies":[{"embeddable":true,"href":"https:\/\/www.europesays.com\/se\/wp-json\/wp\/v2\/comments?post=122720"}],"version-history":[{"count":0,"href":"https:\/\/www.europesays.com\/se\/wp-json\/wp\/v2\/posts\/122720\/revisions"}],"wp:featuredmedia":[{"embeddable":true,"href":"https:\/\/www.europesays.com\/se\/wp-json\/wp\/v2\/media\/122721"}],"wp:attachment":[{"href":"https:\/\/www.europesays.com\/se\/wp-json\/wp\/v2\/media?parent=122720"}],"wp:term":[{"taxonomy":"category","embeddable":true,"href":"https:\/\/www.europesays.com\/se\/wp-json\/wp\/v2\/categories?post=122720"},{"taxonomy":"post_tag","embeddable":true,"href":"https:\/\/www.europesays.com\/se\/wp-json\/wp\/v2\/tags?post=122720"}],"curies":[{"name":"wp","href":"https:\/\/api.w.org\/{rel}","templated":true}]}}