{"id":122726,"date":"2026-01-01T16:21:09","date_gmt":"2026-01-01T16:21:09","guid":{"rendered":"https:\/\/www.europesays.com\/se\/122726\/"},"modified":"2026-01-01T16:21:09","modified_gmt":"2026-01-01T16:21:09","slug":"ett-socialistiskt-paradis-som-svammar-over-av-miljardarer","status":"publish","type":"post","link":"https:\/\/www.europesays.com\/se\/122726\/","title":{"rendered":"Ett socialistiskt paradis som sv\u00e4mmar \u00f6ver av miljard\u00e4rer\u201d"},"content":{"rendered":"<p>Sverige \u00e4r landet f\u00f6r nutida Rockefellers. Det skriver Ruchir Sharma i en kolumn f\u00f6r Financial Times. M\u00e4tt per capita \u00e4r de svenska dollarmiljard\u00e4rerna nu 1,5 g\u00e5nger fler \u00e4n i USA,\u2026<\/p>\n<p>The country is generating the kind of wealth that\u2026<\/p>\n<p>Omni \u00e4r politiskt obundna och oberoende. Vi str\u00e4var efter att ge fler perspektiv p\u00e5 nyheterna. Har du fr\u00e5gor eller synpunkter kring v\u00e5r rapportering? <a href=\"https:\/\/omni.se\/sverige-ett-socialistiskt-paradis-som-svammar-over-av-miljardarer\/a\/mailto:mer@omni.se\" class=\"ArticleActions_contactLink__W2F1M\" rel=\"nofollow noopener\" target=\"_blank\">Kontakta redaktionen<\/a><\/p>\n","protected":false},"excerpt":{"rendered":"Sverige \u00e4r landet f\u00f6r nutida Rockefellers. Det skriver Ruchir Sharma i en kolumn f\u00f6r Financial Times. M\u00e4tt per&hellip;\n","protected":false},"author":2,"featured_media":122727,"comment_status":"","ping_status":"","sticky":false,"template":"","format":"standard","meta":{"footnotes":""},"categories":[12],"tags":[2193,22,23,26,27,12939,17,21,24,25,28,29,15,16,18,34,31,33,32,30,19,20],"class_list":{"0":"post-122726","1":"post","2":"type-post","3":"status-publish","4":"format-standard","5":"has-post-thumbnail","7":"category-sverige","8":"tag-omni-mer","9":"tag-breaking-news","10":"tag-breakingnews","11":"tag-featured-news","12":"tag-featurednews","13":"tag-financial-times","14":"tag-headlines","15":"tag-huvudnyheter","16":"tag-latest-news","17":"tag-latestnews","18":"tag-main-news","19":"tag-mainnews","20":"tag-news","21":"tag-nyheter","22":"tag-rubriker","23":"tag-se","24":"tag-svenska","25":"tag-sverige","26":"tag-sweden","27":"tag-swedish","28":"tag-top-stories","29":"tag-topstories"},"share_on_mastodon":{"url":"https:\/\/pubeurope.com\/@se\/115820762565107048","error":""},"_links":{"self":[{"href":"https:\/\/www.europesays.com\/se\/wp-json\/wp\/v2\/posts\/122726","targetHints":{"allow":["GET"]}}],"collection":[{"href":"https:\/\/www.europesays.com\/se\/wp-json\/wp\/v2\/posts"}],"about":[{"href":"https:\/\/www.europesays.com\/se\/wp-json\/wp\/v2\/types\/post"}],"author":[{"embeddable":true,"href":"https:\/\/www.europesays.com\/se\/wp-json\/wp\/v2\/users\/2"}],"replies":[{"embeddable":true,"href":"https:\/\/www.europesays.com\/se\/wp-json\/wp\/v2\/comments?post=122726"}],"version-history":[{"count":0,"href":"https:\/\/www.europesays.com\/se\/wp-json\/wp\/v2\/posts\/122726\/revisions"}],"wp:featuredmedia":[{"embeddable":true,"href":"https:\/\/www.europesays.com\/se\/wp-json\/wp\/v2\/media\/122727"}],"wp:attachment":[{"href":"https:\/\/www.europesays.com\/se\/wp-json\/wp\/v2\/media?parent=122726"}],"wp:term":[{"taxonomy":"category","embeddable":true,"href":"https:\/\/www.europesays.com\/se\/wp-json\/wp\/v2\/categories?post=122726"},{"taxonomy":"post_tag","embeddable":true,"href":"https:\/\/www.europesays.com\/se\/wp-json\/wp\/v2\/tags?post=122726"}],"curies":[{"name":"wp","href":"https:\/\/api.w.org\/{rel}","templated":true}]}}