{"id":12273,"date":"2025-08-24T06:57:07","date_gmt":"2025-08-24T06:57:07","guid":{"rendered":"https:\/\/www.europesays.com\/se\/12273\/"},"modified":"2025-08-24T06:57:07","modified_gmt":"2025-08-24T06:57:07","slug":"norge-bidrar-med-miljarder-till-ukrainskt-luftforsvar","status":"publish","type":"post","link":"https:\/\/www.europesays.com\/se\/12273\/","title":{"rendered":"Norge bidrar med miljarder till ukrainskt luftf\u00f6rsvar"},"content":{"rendered":"<p>Norska regeringen har beslutat att bidra med sju miljarder kronor till Ukrainas luftf\u00f6rsvar, rapporterar NTB. <\/p>\n<p>Tillsammans med Tyskland ska de betala f\u00f6r tv\u00e5 Patriot-system och robotar, ut\u00f6ver det k\u00f6per ocks\u00e5 Norge luftv\u00e4rnsradar. <\/p>\n<p>\u2013 Detta \u00e4r en stor investering i ett effektivt luftf\u00f6rsvar. St\u00f6det kommer att ge Ukraina viktiga verktyg f\u00f6r att skydda ukrainska liv och bidra till ett starkare f\u00f6rsvar, s\u00e4ger norska f\u00f6rsvarsministern Tore O. Sandvik.<\/p>\n<p>Omni \u00e4r politiskt obundna och oberoende. Vi str\u00e4var efter att ge fler perspektiv p\u00e5 nyheterna. Har du fr\u00e5gor eller synpunkter kring v\u00e5r rapportering? <a href=\"https:\/\/omni.se\/norge-bidrar-med-miljarder-till-ukrainskt-luftforsvar\/a\/mailto:redaktion@omni.se\" class=\"ArticleActions_contactLink__W2F1M\" rel=\"nofollow noopener\" target=\"_blank\">Kontakta redaktionen<\/a><\/p>\n","protected":false},"excerpt":{"rendered":"Norska regeringen har beslutat att bidra med sju miljarder kronor till Ukrainas luftf\u00f6rsvar, rapporterar NTB. Tillsammans med Tyskland&hellip;\n","protected":false},"author":2,"featured_media":12274,"comment_status":"","ping_status":"","sticky":false,"template":"","format":"standard","meta":{"footnotes":""},"categories":[14],"tags":[22,23,267,26,27,17,21,24,25,28,29,15,430,16,18,269,34,31,33,32,30,19,20,408,263,51,52,53,54],"class_list":{"0":"post-12273","1":"post","2":"type-post","3":"status-publish","4":"format-standard","5":"has-post-thumbnail","7":"category-varlden","8":"tag-breaking-news","9":"tag-breakingnews","10":"tag-europa","11":"tag-featured-news","12":"tag-featurednews","13":"tag-headlines","14":"tag-huvudnyheter","15":"tag-latest-news","16":"tag-latestnews","17":"tag-main-news","18":"tag-mainnews","19":"tag-news","20":"tag-norge","21":"tag-nyheter","22":"tag-rubriker","23":"tag-ryska-invasionen","24":"tag-se","25":"tag-svenska","26":"tag-sverige","27":"tag-sweden","28":"tag-swedish","29":"tag-top-stories","30":"tag-topstories","31":"tag-tyskland","32":"tag-ukraina","33":"tag-varlden","34":"tag-world","35":"tag-world-news","36":"tag-worldnews"},"share_on_mastodon":{"url":"","error":""},"_links":{"self":[{"href":"https:\/\/www.europesays.com\/se\/wp-json\/wp\/v2\/posts\/12273","targetHints":{"allow":["GET"]}}],"collection":[{"href":"https:\/\/www.europesays.com\/se\/wp-json\/wp\/v2\/posts"}],"about":[{"href":"https:\/\/www.europesays.com\/se\/wp-json\/wp\/v2\/types\/post"}],"author":[{"embeddable":true,"href":"https:\/\/www.europesays.com\/se\/wp-json\/wp\/v2\/users\/2"}],"replies":[{"embeddable":true,"href":"https:\/\/www.europesays.com\/se\/wp-json\/wp\/v2\/comments?post=12273"}],"version-history":[{"count":0,"href":"https:\/\/www.europesays.com\/se\/wp-json\/wp\/v2\/posts\/12273\/revisions"}],"wp:featuredmedia":[{"embeddable":true,"href":"https:\/\/www.europesays.com\/se\/wp-json\/wp\/v2\/media\/12274"}],"wp:attachment":[{"href":"https:\/\/www.europesays.com\/se\/wp-json\/wp\/v2\/media?parent=12273"}],"wp:term":[{"taxonomy":"category","embeddable":true,"href":"https:\/\/www.europesays.com\/se\/wp-json\/wp\/v2\/categories?post=12273"},{"taxonomy":"post_tag","embeddable":true,"href":"https:\/\/www.europesays.com\/se\/wp-json\/wp\/v2\/tags?post=12273"}],"curies":[{"name":"wp","href":"https:\/\/api.w.org\/{rel}","templated":true}]}}