{"id":122732,"date":"2026-01-01T16:27:07","date_gmt":"2026-01-01T16:27:07","guid":{"rendered":"https:\/\/www.europesays.com\/se\/122732\/"},"modified":"2026-01-01T16:27:07","modified_gmt":"2026-01-01T16:27:07","slug":"sveriges-dolda-surrogatbarn-myndigheterna-saknar-kontroll","status":"publish","type":"post","link":"https:\/\/www.europesays.com\/se\/122732\/","title":{"rendered":"Sveriges dolda surrogatbarn \u2013 myndigheterna saknar kontroll"},"content":{"rendered":"<p>Surrogatm\u00f6draskap \u00e4r f\u00f6rbjudet i Sverige. \u00c4nd\u00e5 \u00f6kar antalet svenska surrogatbarn varje \u00e5r. Men ingen myndighet vet hur m\u00e5nga barn som f\u00f6rs hit.\u00a0<\/p>\n<p>\u2013 Regeringen har stoppat huvudet i sanden, s\u00e4ger juridikprofessorn Michael Hellner.<\/p>\n<p>Med hj\u00e4lp av domstolshandlingar, bokslut och intervjuer kartl\u00e4gger Expressen de hemliga barnen, och visar varf\u00f6r politikerna fortfarande st\u00e5r handfallna.<\/p>\n","protected":false},"excerpt":{"rendered":"Surrogatm\u00f6draskap \u00e4r f\u00f6rbjudet i Sverige. \u00c4nd\u00e5 \u00f6kar antalet svenska surrogatbarn varje \u00e5r. Men ingen myndighet vet hur m\u00e5nga&hellip;\n","protected":false},"author":2,"featured_media":122733,"comment_status":"","ping_status":"","sticky":false,"template":"","format":"standard","meta":{"footnotes":""},"categories":[65],"tags":[72,70,71,12909,103,34,154,31,33,32,30,4771,534,1113,2009],"class_list":{"0":"post-122732","1":"post","2":"type-post","3":"status-publish","4":"format-standard","5":"has-post-thumbnail","7":"category-ekonomi","8":"tag-business","9":"tag-economy","10":"tag-ekonomi","11":"tag-newsstory-bebis-pa-bestallning","12":"tag-premium","13":"tag-se","14":"tag-sections-sverige","15":"tag-svenska","16":"tag-sverige","17":"tag-sweden","18":"tag-swedish","19":"tag-topic-barn","20":"tag-topic-foraldraskap","21":"tag-topic-ivf","22":"tag-topic-juridik"},"share_on_mastodon":{"url":"https:\/\/pubeurope.com\/@se\/115820786044805665","error":""},"_links":{"self":[{"href":"https:\/\/www.europesays.com\/se\/wp-json\/wp\/v2\/posts\/122732","targetHints":{"allow":["GET"]}}],"collection":[{"href":"https:\/\/www.europesays.com\/se\/wp-json\/wp\/v2\/posts"}],"about":[{"href":"https:\/\/www.europesays.com\/se\/wp-json\/wp\/v2\/types\/post"}],"author":[{"embeddable":true,"href":"https:\/\/www.europesays.com\/se\/wp-json\/wp\/v2\/users\/2"}],"replies":[{"embeddable":true,"href":"https:\/\/www.europesays.com\/se\/wp-json\/wp\/v2\/comments?post=122732"}],"version-history":[{"count":0,"href":"https:\/\/www.europesays.com\/se\/wp-json\/wp\/v2\/posts\/122732\/revisions"}],"wp:featuredmedia":[{"embeddable":true,"href":"https:\/\/www.europesays.com\/se\/wp-json\/wp\/v2\/media\/122733"}],"wp:attachment":[{"href":"https:\/\/www.europesays.com\/se\/wp-json\/wp\/v2\/media?parent=122732"}],"wp:term":[{"taxonomy":"category","embeddable":true,"href":"https:\/\/www.europesays.com\/se\/wp-json\/wp\/v2\/categories?post=122732"},{"taxonomy":"post_tag","embeddable":true,"href":"https:\/\/www.europesays.com\/se\/wp-json\/wp\/v2\/tags?post=122732"}],"curies":[{"name":"wp","href":"https:\/\/api.w.org\/{rel}","templated":true}]}}