{"id":122734,"date":"2026-01-01T16:28:12","date_gmt":"2026-01-01T16:28:12","guid":{"rendered":"https:\/\/www.europesays.com\/se\/122734\/"},"modified":"2026-01-01T16:28:12","modified_gmt":"2026-01-01T16:28:12","slug":"2025-ett-nytt-rekordar-for-hotellen-i-goteborg","status":"publish","type":"post","link":"https:\/\/www.europesays.com\/se\/122734\/","title":{"rendered":"2025 ett nytt rekord\u00e5r f\u00f6r hotellen i G\u00f6teborg."},"content":{"rendered":"<p>2025 blev ett rekord\u00e5r f\u00f6r hotellen i G\u00f6teborg med \u00f6ver 6 miljoner g\u00e4stn\u00e4tter. Det \u00e4r mer \u00e4n en f\u00f6rdubbling sedan krisen under pandemin. G\u00f6teborg forts\u00e4tter samtidigt de senaste \u00e5rens trend med den snabbaste tillv\u00e4xten av g\u00e4stn\u00e4tter bland de svenska storst\u00e4derna, enligt f\u00e4rska siffror.<\/p>\n<p><strong class=\"global-xxs-bold\">Uppdaterad:<\/strong> 1 januari 2026, 17:08<strong class=\"global-xxs-bold\">Publicerad:<\/strong> 1 januari 2026, 16:54<\/p>\n<p>Spara<\/p>\n","protected":false},"excerpt":{"rendered":"2025 blev ett rekord\u00e5r f\u00f6r hotellen i G\u00f6teborg med \u00f6ver 6 miljoner g\u00e4stn\u00e4tter. Det \u00e4r mer \u00e4n en&hellip;\n","protected":false},"author":2,"featured_media":122735,"comment_status":"","ping_status":"","sticky":false,"template":"","format":"standard","meta":{"footnotes":""},"categories":[14],"tags":[22,23,26,27,17,21,24,25,28,29,15,16,18,34,31,33,32,30,19,20,51,52,53,54],"class_list":{"0":"post-122734","1":"post","2":"type-post","3":"status-publish","4":"format-standard","5":"has-post-thumbnail","7":"category-varlden","8":"tag-breaking-news","9":"tag-breakingnews","10":"tag-featured-news","11":"tag-featurednews","12":"tag-headlines","13":"tag-huvudnyheter","14":"tag-latest-news","15":"tag-latestnews","16":"tag-main-news","17":"tag-mainnews","18":"tag-news","19":"tag-nyheter","20":"tag-rubriker","21":"tag-se","22":"tag-svenska","23":"tag-sverige","24":"tag-sweden","25":"tag-swedish","26":"tag-top-stories","27":"tag-topstories","28":"tag-varlden","29":"tag-world","30":"tag-world-news","31":"tag-worldnews"},"share_on_mastodon":{"url":"https:\/\/pubeurope.com\/@se\/115820790021121373","error":""},"_links":{"self":[{"href":"https:\/\/www.europesays.com\/se\/wp-json\/wp\/v2\/posts\/122734","targetHints":{"allow":["GET"]}}],"collection":[{"href":"https:\/\/www.europesays.com\/se\/wp-json\/wp\/v2\/posts"}],"about":[{"href":"https:\/\/www.europesays.com\/se\/wp-json\/wp\/v2\/types\/post"}],"author":[{"embeddable":true,"href":"https:\/\/www.europesays.com\/se\/wp-json\/wp\/v2\/users\/2"}],"replies":[{"embeddable":true,"href":"https:\/\/www.europesays.com\/se\/wp-json\/wp\/v2\/comments?post=122734"}],"version-history":[{"count":0,"href":"https:\/\/www.europesays.com\/se\/wp-json\/wp\/v2\/posts\/122734\/revisions"}],"wp:featuredmedia":[{"embeddable":true,"href":"https:\/\/www.europesays.com\/se\/wp-json\/wp\/v2\/media\/122735"}],"wp:attachment":[{"href":"https:\/\/www.europesays.com\/se\/wp-json\/wp\/v2\/media?parent=122734"}],"wp:term":[{"taxonomy":"category","embeddable":true,"href":"https:\/\/www.europesays.com\/se\/wp-json\/wp\/v2\/categories?post=122734"},{"taxonomy":"post_tag","embeddable":true,"href":"https:\/\/www.europesays.com\/se\/wp-json\/wp\/v2\/tags?post=122734"}],"curies":[{"name":"wp","href":"https:\/\/api.w.org\/{rel}","templated":true}]}}