{"id":122738,"date":"2026-01-01T16:31:48","date_gmt":"2026-01-01T16:31:48","guid":{"rendered":"https:\/\/www.europesays.com\/se\/122738\/"},"modified":"2026-01-01T16:31:48","modified_gmt":"2026-01-01T16:31:48","slug":"hogtidsskrapet-som-stor-mest-skillingaryd","status":"publish","type":"post","link":"https:\/\/www.europesays.com\/se\/122738\/","title":{"rendered":"H\u00f6gtidsskr\u00e4pet som st\u00f6r mest &#8211; Skillingaryd"},"content":{"rendered":"<p>\t\t\t<img decoding=\"async\" src=\"https:\/\/www.europesays.com\/se\/wp-content\/uploads\/2026\/01\/221228-fyrverkeri-nyar-pressbild-768x432.png\"   class=\"srcset block-text-image__img\" alt=\"\"\/><\/p>\n<p>En Novusunders\u00f6kning H\u00e5ll Sverige Rent l\u00e4t g\u00f6ra efter f\u00f6rra ny\u00e5r visar att fler \u00e4n varannan svensk irriterar sig p\u00e5 fyrverkeriresterna som ofta ligger utspridda p\u00e5 gator och torg efter ny\u00e5rsfirandet. N\u00e4stan fyra av tio tycker att champagneflaskor, \u00f6lburkar och korkar \u00e4r st\u00f6rigt och var tredje svensk irriterar sig ocks\u00e5 p\u00e5 julgranar som blivit dumpade p\u00e5 fel plats.<\/p>\n<p><strong>Topplista: H\u00f6gtidsskr\u00e4pet som irriterar svenskarna mest<\/strong><\/p>\n<ol>\n<li>Fyrverkerirester (55 procent)<\/li>\n<li>Champagneflaskor, \u00f6lburkar och korkar (39 procent)<\/li>\n<li>Dumpade julgranar (35 procent)<\/li>\n<li>Partyglas eller annan eng\u00e5ngsplast (26 procent)<\/li>\n<li>Matrester (21 procent)<\/li>\n<\/ol>\n<p>\u2013 Skr\u00e4pet efter jul och ny\u00e5r \u00e4r en \u00e5terkommande utmaning. S\u00e4rskilt fyrverkerirester och dumpade julgranar. Det \u00e4r b\u00e5de on\u00f6digt och skadligt f\u00f6r milj\u00f6n. Genom att ta hand om h\u00f6gtidsskr\u00e4pet p\u00e5 r\u00e4tt s\u00e4tt kan vi tillsammans skapa en renare start p\u00e5 det nya \u00e5ret, s\u00e4ger Johanna Ragnartz, vd p\u00e5 H\u00e5ll Sverige Rent.<\/p>\n<p>S\u00e5 tar du hand om ny\u00e5rsskr\u00e4pet<\/p>\n<p><strong>Fyrverkerier och raketer<br \/><\/strong>Fyrverkerier som brunnit ut kan sl\u00e4ngas i br\u00e4nnbart restavfall p\u00e5 en \u00e5tervinningscentral. Om de inte har brunnit ut m\u00e5ste de hanteras p\u00e5 ett s\u00e4kert s\u00e4tt. D\u00e5 kan du kontakta \u00e5terf\u00f6rs\u00e4ljaren som kan ha m\u00f6jlighet att returnera dem. Du kan ocks\u00e5 kontakta din lokala \u00e5tervinningscentral eller Polisen f\u00f6r att se om de kan ta emot dem.<\/p>\n<p>T\u00e4nk ocks\u00e5 p\u00e5 att fyrverkerier kan p\u00e5verka djur och m\u00e4nniskor runt omkring \u2013 ibland kan det finnas andra s\u00e4tt att fira in det nya \u00e5ret.<\/p>\n<p><strong>Sv\u00e4vande lyktor<br \/><\/strong>Sv\u00e4vande lyktor \u00e4r vackra, men det \u00e4r bra att t\u00e4nka p\u00e5 var de landar. Metalltr\u00e5den kan skada kor allvarligt om lyktan landar i en kohage. Fundera g\u00e4rna p\u00e5 om det finns andra st\u00e4mningsfulla alternativ f\u00f6r ny\u00e5rsfirandet.<\/p>\n<p>Metalltr\u00e5darna ska sorteras som metallskrot p\u00e5 kommunens \u00e5tervinningscentral och pappersdelar kan l\u00e4ggas i pappers\u00e5tervinningen.<\/p>\n<p><strong>Marschaller och v\u00e4rmeljus<br \/><\/strong>Tomma metallkoppar fr\u00e5n marschaller sorteras som metallf\u00f6rpackning. Har de stearin eller paraffin kvar? D\u00e5 kan det sl\u00e4ngas i hush\u00e5llssoporna eller som br\u00e4nnbart.<\/p>\n<p>V\u00e4rmeljus sorterar du som metallskrot p\u00e5 en \u00e5tervinningscentral, eftersom de inte r\u00e4knas som en f\u00f6rpackning. Vekesh\u00e5llaren och metallkoppen ska separeras fr\u00e5n varandra, annars kommer den dyrbara aluminiumkoppen att f\u00f6lja med den magnetiska vekesh\u00e5llaren och brinna upp i st\u00e5lets sm\u00e4ltprocess.<\/p>\n<p><strong>Tomtebloss<br \/><\/strong>Anv\u00e4nda tomtebloss kan sl\u00e4ngas i hush\u00e5llssoporna eller som br\u00e4nnbart restavfall, s\u00e5 l\u00e4nge de har svalnat helt. Enkla att ta hand om \u2013 bara sl\u00e4ng dem n\u00e4r de svalnat.<\/p>\n<p><strong>Konfetti, partytutor och partyhattar<br \/><\/strong>Konfetti ska sl\u00e4ngas i hush\u00e5llssoporna, men sj\u00e4lva f\u00f6rpackningen kan du k\u00e4llsortera p\u00e5 din \u00e5tervinningsstation. T\u00e4nk p\u00e5 att st\u00e4da upp konfettin och kom ih\u00e5g att plastkonfetti \u00e4r f\u00f6rbjudet att anv\u00e4nda utomhus. Partytutor och partyhattar sl\u00e4nger du i hush\u00e5llssoporna om du inte vill \u00e5teranv\u00e4nda dem.<\/p>\n<p><strong>Champagneflaskor och korkar<br \/><\/strong>Glasflaskor ska l\u00e4mnas i glas\u00e5tervinningen, d\u00e4r f\u00e4rgat glas sorteras f\u00f6r sig och of\u00e4rgat f\u00f6r sig. Aluminiumkorkar och metallkapsyler h\u00f6r hemma i metall\u00e5tervinningen, medan korkar av naturlig kork kan sl\u00e4ngas i hush\u00e5llssoporna.<\/p>\n<p>Med dessa tips kan du bidra till att g\u00f6ra ny\u00e5rsfirandet b\u00e5de festligt och mer h\u00e5llbart!<\/p>\n<p>K\u00e4lla: H\u00e5ll Sverige rent<\/p>\n","protected":false},"excerpt":{"rendered":"En Novusunders\u00f6kning H\u00e5ll Sverige Rent l\u00e4t g\u00f6ra efter f\u00f6rra ny\u00e5r visar att fler \u00e4n varannan svensk irriterar sig&hellip;\n","protected":false},"author":2,"featured_media":119627,"comment_status":"","ping_status":"","sticky":false,"template":"","format":"standard","meta":{"footnotes":""},"categories":[5],"tags":[22,23,26,27,17,21,24,25,28,29,15,16,18,34,31,33,32,30,19,20],"class_list":{"0":"post-122738","1":"post","2":"type-post","3":"status-publish","4":"format-standard","5":"has-post-thumbnail","7":"category-rubriker","8":"tag-breaking-news","9":"tag-breakingnews","10":"tag-featured-news","11":"tag-featurednews","12":"tag-headlines","13":"tag-huvudnyheter","14":"tag-latest-news","15":"tag-latestnews","16":"tag-main-news","17":"tag-mainnews","18":"tag-news","19":"tag-nyheter","20":"tag-rubriker","21":"tag-se","22":"tag-svenska","23":"tag-sverige","24":"tag-sweden","25":"tag-swedish","26":"tag-top-stories","27":"tag-topstories"},"share_on_mastodon":{"url":"https:\/\/pubeurope.com\/@se\/115820805730252913","error":""},"_links":{"self":[{"href":"https:\/\/www.europesays.com\/se\/wp-json\/wp\/v2\/posts\/122738","targetHints":{"allow":["GET"]}}],"collection":[{"href":"https:\/\/www.europesays.com\/se\/wp-json\/wp\/v2\/posts"}],"about":[{"href":"https:\/\/www.europesays.com\/se\/wp-json\/wp\/v2\/types\/post"}],"author":[{"embeddable":true,"href":"https:\/\/www.europesays.com\/se\/wp-json\/wp\/v2\/users\/2"}],"replies":[{"embeddable":true,"href":"https:\/\/www.europesays.com\/se\/wp-json\/wp\/v2\/comments?post=122738"}],"version-history":[{"count":0,"href":"https:\/\/www.europesays.com\/se\/wp-json\/wp\/v2\/posts\/122738\/revisions"}],"wp:featuredmedia":[{"embeddable":true,"href":"https:\/\/www.europesays.com\/se\/wp-json\/wp\/v2\/media\/119627"}],"wp:attachment":[{"href":"https:\/\/www.europesays.com\/se\/wp-json\/wp\/v2\/media?parent=122738"}],"wp:term":[{"taxonomy":"category","embeddable":true,"href":"https:\/\/www.europesays.com\/se\/wp-json\/wp\/v2\/categories?post=122738"},{"taxonomy":"post_tag","embeddable":true,"href":"https:\/\/www.europesays.com\/se\/wp-json\/wp\/v2\/tags?post=122738"}],"curies":[{"name":"wp","href":"https:\/\/api.w.org\/{rel}","templated":true}]}}