{"id":122741,"date":"2026-01-01T16:39:47","date_gmt":"2026-01-01T16:39:47","guid":{"rendered":"https:\/\/www.europesays.com\/se\/122741\/"},"modified":"2026-01-01T16:39:47","modified_gmt":"2026-01-01T16:39:47","slug":"ellevio-erbjuder-ersattning-for-hotellboende-till-kunder-som-fortfarande-ar-utan-el-pa-nyarsafton","status":"publish","type":"post","link":"https:\/\/www.europesays.com\/se\/122741\/","title":{"rendered":"Ellevio erbjuder ers\u00e4ttning f\u00f6r hotellboende till kunder som fortfarande \u00e4r utan el p\u00e5 ny\u00e5rsafton"},"content":{"rendered":"<p class=\"pt-2 pb-6 text-lg leading-tight sm:pt-4 md:leading-10 md:text-3xl text-green-dark font-futuraEfDemiBold\">&#13;<br \/>\n\t\t\t31 december 2025&#13;<br \/>\n\t\t\tPressmeddelanden&#13;\n\t\t<\/p>\n<p>\t\t&#13;<br \/>\n\t\t\t&#13;<br \/>\n<img decoding=\"async\" alt=\"\" class=\"container-full-element\" src=\"https:\/\/www.europesays.com\/se\/wp-content\/uploads\/2026\/01\/.jpeg\"\/>&#13;<br \/>\n&#13;<br \/>\n\t\t\t&#13;<br \/>\n\t\t\t\t&#13;<br \/>\n\t\t\t&#13;<\/p>\n<p class=\"mb-8 preamble\">Stormen Johannes har orsakat omfattande skador p\u00e5 eln\u00e4tet och lett till l\u00e5ngvariga str\u00f6mavbrott f\u00f6r m\u00e5nga hush\u00e5ll i bland annat G\u00e4vleborgs l\u00e4n. Ellevio erbjuder nu ers\u00e4ttning f\u00f6r att bo p\u00e5 hotell till fastboende kunder som \u00e4r utan el \u00f6ver ny\u00e5r p\u00e5 grund av stormen. Erbjudandet g\u00e4ller kunder som fortfarande saknar str\u00f6m klockan 10.00 p\u00e5 onsdagen den 31 december 2025.<\/p>\n<p>Stormen \u00e4r en av de mest allvarliga som drabbat Ellevio och har lett till att tiotusentals hush\u00e5ll st\u00e5tt utan el. P\u00e5 onsdagsmorgonen var fortfarande knappt 3 000 av bolagets kunder str\u00f6ml\u00f6sa.<\/p>\n<p>\u2013 Vi f\u00f6rst\u00e5r hur tuff situationen \u00e4r f\u00f6r de kunder som drabbats, s\u00e4rskilt n\u00e4r det \u00e4ven \u00e4r kallt ute, och vill d\u00e4rf\u00f6r ge m\u00f6jligheten att ta in p\u00e5 hotell f\u00f6r de kunder som kan g\u00f6ra det, s\u00e4ger Christian Skoglund, chef f\u00f6r n\u00e4tdriften p\u00e5 Ellevio och den som leder \u00e5terst\u00e4llningsarbetet.\u00a0<\/p>\n<p>Hotellerbjudandet g\u00e4ller:<\/p>\n<ul>\n<li>den som har varit utan str\u00f6m en l\u00e4ngre tid till f\u00f6ljd av stormen Johannes och fortfarande \u00e4r utan str\u00f6m klockan 10.00 den 31 december<\/li>\n<li>alla som \u00e4r folkbokf\u00f6rda p\u00e5 den adress som har str\u00f6mavbrott<\/li>\n<\/ul>\n<p>Erbjudandet inneb\u00e4r:<\/p>\n<ul>\n<li>m\u00f6jlighet att f\u00e5 ers\u00e4ttning f\u00f6r boende p\u00e5 hotell natten mellan den 31 december och 1 januari \u00e4ven om elen skulle komma tillbaka senare under dagen<\/li>\n<li>m\u00f6jlighet att bo kvar p\u00e5 hotell tills elf\u00f6rs\u00f6rjningen i bostaden \u00e4r \u00e5terst\u00e4lld<\/li>\n<\/ul>\n<p>Kunderna bokar och betalar hotellboendet sj\u00e4lva till rimlig kostnad och skickar d\u00e4refter in kvittot via Ellevios skadest\u00e5ndsanm\u00e4lan. Ers\u00e4ttning l\u00e4mnas f\u00f6r en rimlig kostnad f\u00f6r boendet.<\/p>\n<p>Mer information p\u00e5 ellevio.se<\/p>\n<p>Kontakt f\u00f6r media<\/p>\n<p>Ellevios pressjour dygnet runt:<br \/>020-20 20 60<br \/><a href=\"https:\/\/www.ellevio.se\/link\/mailto:press@ellevios.se\" rel=\"nofollow noopener\" target=\"_blank\">press@ellevio.se<\/a><\/p>\n","protected":false},"excerpt":{"rendered":"&#13; 31 december 2025&#13; Pressmeddelanden&#13; &#13; &#13; &#13; &#13; &#13; &#13; &#13; Stormen Johannes har orsakat omfattande skador&hellip;\n","protected":false},"author":2,"featured_media":122742,"comment_status":"","ping_status":"","sticky":false,"template":"","format":"standard","meta":{"footnotes":""},"categories":[12],"tags":[22,23,26,27,17,21,24,25,28,29,15,16,18,34,31,33,32,30,19,20],"class_list":{"0":"post-122741","1":"post","2":"type-post","3":"status-publish","4":"format-standard","5":"has-post-thumbnail","7":"category-sverige","8":"tag-breaking-news","9":"tag-breakingnews","10":"tag-featured-news","11":"tag-featurednews","12":"tag-headlines","13":"tag-huvudnyheter","14":"tag-latest-news","15":"tag-latestnews","16":"tag-main-news","17":"tag-mainnews","18":"tag-news","19":"tag-nyheter","20":"tag-rubriker","21":"tag-se","22":"tag-svenska","23":"tag-sverige","24":"tag-sweden","25":"tag-swedish","26":"tag-top-stories","27":"tag-topstories"},"share_on_mastodon":{"url":"https:\/\/pubeurope.com\/@se\/115820837098072496","error":""},"_links":{"self":[{"href":"https:\/\/www.europesays.com\/se\/wp-json\/wp\/v2\/posts\/122741","targetHints":{"allow":["GET"]}}],"collection":[{"href":"https:\/\/www.europesays.com\/se\/wp-json\/wp\/v2\/posts"}],"about":[{"href":"https:\/\/www.europesays.com\/se\/wp-json\/wp\/v2\/types\/post"}],"author":[{"embeddable":true,"href":"https:\/\/www.europesays.com\/se\/wp-json\/wp\/v2\/users\/2"}],"replies":[{"embeddable":true,"href":"https:\/\/www.europesays.com\/se\/wp-json\/wp\/v2\/comments?post=122741"}],"version-history":[{"count":0,"href":"https:\/\/www.europesays.com\/se\/wp-json\/wp\/v2\/posts\/122741\/revisions"}],"wp:featuredmedia":[{"embeddable":true,"href":"https:\/\/www.europesays.com\/se\/wp-json\/wp\/v2\/media\/122742"}],"wp:attachment":[{"href":"https:\/\/www.europesays.com\/se\/wp-json\/wp\/v2\/media?parent=122741"}],"wp:term":[{"taxonomy":"category","embeddable":true,"href":"https:\/\/www.europesays.com\/se\/wp-json\/wp\/v2\/categories?post=122741"},{"taxonomy":"post_tag","embeddable":true,"href":"https:\/\/www.europesays.com\/se\/wp-json\/wp\/v2\/tags?post=122741"}],"curies":[{"name":"wp","href":"https:\/\/api.w.org\/{rel}","templated":true}]}}