{"id":122743,"date":"2026-01-01T16:40:26","date_gmt":"2026-01-01T16:40:26","guid":{"rendered":"https:\/\/www.europesays.com\/se\/122743\/"},"modified":"2026-01-01T16:40:26","modified_gmt":"2026-01-01T16:40:26","slug":"larmvag-i-uppland-vid-tolvslaget-flera-brander","status":"publish","type":"post","link":"https:\/\/www.europesays.com\/se\/122743\/","title":{"rendered":"Larmv\u00e5g i Uppland vid tolvslaget \u2013 flera br\u00e4nder"},"content":{"rendered":"<p>SOS Alarm har efter midnatt under natten mot torsdag f\u00e5tt ta emot en rad samtal. Detta har resulterat i flera utryckningar p\u00e5 ny\u00e5rsnatten och \u00e4ven polisen har kontaktats.\u2013 Det har varit mycket fyrverkerirelaterat men senare p\u00e5 natten har det lugnat ner sig kraftfullt. Det har varit samtal om att man skjutit v\u00e5rdsl\u00f6st och vi har gjort kontroller men det har inte render<\/p>\n","protected":false},"excerpt":{"rendered":"SOS Alarm har efter midnatt under natten mot torsdag f\u00e5tt ta emot en rad samtal. Detta har resulterat&hellip;\n","protected":false},"author":2,"featured_media":122744,"comment_status":"","ping_status":"","sticky":false,"template":"","format":"standard","meta":{"footnotes":""},"categories":[5],"tags":[22,23,26,27,17,21,24,25,28,29,15,16,18,34,31,33,32,30,19,20],"class_list":{"0":"post-122743","1":"post","2":"type-post","3":"status-publish","4":"format-standard","5":"has-post-thumbnail","7":"category-rubriker","8":"tag-breaking-news","9":"tag-breakingnews","10":"tag-featured-news","11":"tag-featurednews","12":"tag-headlines","13":"tag-huvudnyheter","14":"tag-latest-news","15":"tag-latestnews","16":"tag-main-news","17":"tag-mainnews","18":"tag-news","19":"tag-nyheter","20":"tag-rubriker","21":"tag-se","22":"tag-svenska","23":"tag-sverige","24":"tag-sweden","25":"tag-swedish","26":"tag-top-stories","27":"tag-topstories"},"share_on_mastodon":{"url":"https:\/\/pubeurope.com\/@se\/115820837163512954","error":""},"_links":{"self":[{"href":"https:\/\/www.europesays.com\/se\/wp-json\/wp\/v2\/posts\/122743","targetHints":{"allow":["GET"]}}],"collection":[{"href":"https:\/\/www.europesays.com\/se\/wp-json\/wp\/v2\/posts"}],"about":[{"href":"https:\/\/www.europesays.com\/se\/wp-json\/wp\/v2\/types\/post"}],"author":[{"embeddable":true,"href":"https:\/\/www.europesays.com\/se\/wp-json\/wp\/v2\/users\/2"}],"replies":[{"embeddable":true,"href":"https:\/\/www.europesays.com\/se\/wp-json\/wp\/v2\/comments?post=122743"}],"version-history":[{"count":0,"href":"https:\/\/www.europesays.com\/se\/wp-json\/wp\/v2\/posts\/122743\/revisions"}],"wp:featuredmedia":[{"embeddable":true,"href":"https:\/\/www.europesays.com\/se\/wp-json\/wp\/v2\/media\/122744"}],"wp:attachment":[{"href":"https:\/\/www.europesays.com\/se\/wp-json\/wp\/v2\/media?parent=122743"}],"wp:term":[{"taxonomy":"category","embeddable":true,"href":"https:\/\/www.europesays.com\/se\/wp-json\/wp\/v2\/categories?post=122743"},{"taxonomy":"post_tag","embeddable":true,"href":"https:\/\/www.europesays.com\/se\/wp-json\/wp\/v2\/tags?post=122743"}],"curies":[{"name":"wp","href":"https:\/\/api.w.org\/{rel}","templated":true}]}}