{"id":122753,"date":"2026-01-01T16:57:12","date_gmt":"2026-01-01T16:57:12","guid":{"rendered":"https:\/\/www.europesays.com\/se\/122753\/"},"modified":"2026-01-01T16:57:12","modified_gmt":"2026-01-01T16:57:12","slug":"vi-ser-garna-det-vi-vill-se","status":"publish","type":"post","link":"https:\/\/www.europesays.com\/se\/122753\/","title":{"rendered":"Vi ser g\u00e4rna det vi vill se"},"content":{"rendered":"<p>Confirmation bias \u2013 allts\u00e5 tendensen att (ofta omedvetet) ta till dig information som st\u00e4rker och bekr\u00e4ftar din uppfattning \u2013 \u00e4r en stark faktor hos m\u00e4nniskan. Jag t\u00e4nkte os\u00f6kt p\u00e5 detta i samband med att<b> Love H\u00e4renstam<\/b> \u00e5kte p\u00e5 sin tv\u00e5minutersutvisning f\u00f6r f\u00f6rst\u00e4rkning i natt. L\u00e5t oss nu vara \u00e4rliga:<\/p>\n<p>Om<strong> Emil Larmi<\/strong> fallit p\u00e5 samma vis som H\u00e4renstam \u2013 d\u00e5 hade han toks\u00e5gats av ett n\u00e4rmast enat Hockeysverige.<\/p>\n<p>Nu var det en svensk landslagsm\u00e5lvakt, d\u00e5 s\u00e5gades ist\u00e4llet domarna och de dumma, dumma amerikanerna (f\u00f6r det vet man ju hur de \u00e4r).<\/p>\n<p>Confirmation bias.<\/p>\n<p>Confirmation bias.<\/p>\n<blockquote class=\"twitter-tweet\">\n<p dir=\"ltr\" lang=\"en\">SWEDENS GOALIE LOVE HARENSTAM GETS CALLED FOR DIVING AFTER AN AMERICAN PLAYER SKATES THROUGH HIS CREASE? \ud83e\udd14<a href=\"https:\/\/twitter.com\/hashtag\/WorldJuniors?src=hash&amp;ref_src=twsrc%5Etfw\" rel=\"nofollow noopener\" target=\"_blank\">#WorldJuniors<\/a> <a href=\"https:\/\/t.co\/wCwLKiS6m5\" rel=\"nofollow\">pic.twitter.com\/wCwLKiS6m5<\/a><\/p>\n<p>\u2014 TSN (@TSN_Sports) <a href=\"https:\/\/twitter.com\/TSN_Sports\/status\/2006523387112309146?ref_src=twsrc%5Etfw\" rel=\"nofollow noopener\" target=\"_blank\">January 1, 2026<\/a><\/p>\n<\/blockquote>\n<p>Min bild av situationen? Amerikanen <b>Will Zellers<\/b> \u00e5ker genom bl\u00e5f\u00e4rgen, borde ha kunnat avv\u00e4rja situationen, agerar slarvigt men knappast med direkt upps\u00e5t att s\u00e4nka H\u00e4renstam som g\u00e5r ut lite och sedan faktiskt faller v\u00e4ldigt teatraliskt.<\/p>\n<p>Jag hade inte protesterat om Zellers f\u00e5tt en tv\u00e5a.<\/p>\n<p>Jag hade inte d\u00f6tt om domarna l\u00e5tit allt bero.<\/p>\n<p>Men \u2013 ska H\u00e4renstam ut, d\u00e5 ska sj\u00e4lvfallet Zellers det ocks\u00e5.<\/p>\n<p>Min po\u00e4ng dock en annan, n\u00e4mligen denna: vi ser v\u00e4ldigt mycket det vi vill se. Det g\u00e4ller idrott, det g\u00e4ller politik, det g\u00e4ller det mesta.<\/p>\n<p>Kommer ni f\u00f6rresten ih\u00e5g n\u00e4r USA:s <strong>Rutger McGroarty<\/strong> kastade sl\u00e4ngkyssar och retade Scandinaviumpubliken efter finaltriumfen mot Sverige i JVM 2024? Det blev ett j\u00e4kla liv mot de osportsliga amerikanerna. I natt gjorde<strong> Lucas Pettersson<\/strong> n\u00e5got liknande, satte fingrarna mot \u00f6ronen och h\u00e5nade hemmapubliken.<\/p>\n<p>Jag har\u00a0inte sett s\u00e5 m\u00e5nga svenskar reagera.<\/p>\n<p>Confirmation bias.<\/p>\n<p>Confirmation bias.<\/p>\n<p>***<\/p>\n<p>Vill ni se ett klockrent beslut av domarna, ett som den kanadensiske (?) kommentatorn inte tycks f\u00f6rst\u00e5, kanske f\u00f6r att han \u00e4r lika patriotisk som SVT:s kommentatorer och experter?\u00a0 Kika nedan d\u00e5.\u00a0<\/p>\n<blockquote class=\"instagram-media\" style=\"background: #FFF; border: 0; border-radius: 3px; box-shadow: 0 0 1px 0 rgba(0,0,0,0.5),0 1px 10px 0 rgba(0,0,0,0.15); margin: 1px; max-width: 540px; min-width: 326px; padding: 0; width: calc(100% - 2px);\" data-instgrm-captioned=\"\" data-instgrm-permalink=\"https:\/\/www.instagram.com\/reel\/DS83arDDDTm\/?utm_source=ig_embed&amp;utm_campaign=loading\" data-instgrm-version=\"14\">\n<\/blockquote>\n<p>Kanadas m\u00e5lvakt har plockhanden utanf\u00f6r bl\u00e5f\u00e4rgen, finske spelaren har all r\u00e4tt att sticka fram klubban. Inga konstigheter \u2013 givet m\u00e5l.\u00a0<\/p>\n<p>Sl\u00e5 p\u00e5 plocken? Tv\u00e5 minuters utvisning. Inget m\u00e5l.<\/p>\n<p>Ha klubban d\u00e4r, st\u00f6ra m\u00e5lvaktens r\u00e4ddningsf\u00f6rs\u00f6k? Sj\u00e4lvklart till\u00e5tet.<\/p>\n<p>Utanf\u00f6r bl\u00e5f\u00e4rgen, allts\u00e5. Utanf\u00f6r.<\/p>\n<p>***<\/p>\n<p>Bra insats av Sverige mot USA (6\u20133), laget tycks bli b\u00e4ttre f\u00f6r varje match, sp\u00e4nnande att se om man kan prestera bra n\u00e4r det g\u00e4ller som mest. F\u00f6rst mot Lettland, sedan (?) mot Tjeckien eller Schweiz. Om det blir final, det hade ju varit kul med en retur mot USA.<\/p>\n<p><b>Ivar Stenberg<\/b> har b\u00f6rjat r\u00f6ra p\u00e5 sig? Kanske en b\u00e4rande spelare i utslagsmatcherna?<\/p>\n<p>***<\/p>\n<p><b>Kvartsfinalerna.<br \/><\/b>Fredag, 20.00: Sverige\u2013Lettland<br \/>Fredag, 22.30: Tjeckien\u2013Schweiz<br \/>L\u00f6rdag, 00.00: USA\u2013Finland<br \/>L\u00f6rdag, 02.30: Kanada\u2013Slovakien<\/p>\n<p>\u00a0<\/p>\n<p><script async src=\"https:\/\/platform.twitter.com\/widgets.js\" charset=\"utf-8\"><\/script><script async src=\"\/\/www.instagram.com\/embed.js\"><\/script><\/p>\n","protected":false},"excerpt":{"rendered":"Confirmation bias \u2013 allts\u00e5 tendensen att (ofta omedvetet) ta till dig information som st\u00e4rker och bekr\u00e4ftar din uppfattning&hellip;\n","protected":false},"author":2,"featured_media":122754,"comment_status":"","ping_status":"","sticky":false,"template":"","format":"standard","meta":{"footnotes":""},"categories":[5],"tags":[22,23,26,27,17,21,24,25,28,29,15,16,18,34,31,33,32,30,19,20],"class_list":{"0":"post-122753","1":"post","2":"type-post","3":"status-publish","4":"format-standard","5":"has-post-thumbnail","7":"category-rubriker","8":"tag-breaking-news","9":"tag-breakingnews","10":"tag-featured-news","11":"tag-featurednews","12":"tag-headlines","13":"tag-huvudnyheter","14":"tag-latest-news","15":"tag-latestnews","16":"tag-main-news","17":"tag-mainnews","18":"tag-news","19":"tag-nyheter","20":"tag-rubriker","21":"tag-se","22":"tag-svenska","23":"tag-sverige","24":"tag-sweden","25":"tag-swedish","26":"tag-top-stories","27":"tag-topstories"},"share_on_mastodon":{"url":"https:\/\/pubeurope.com\/@se\/115820903975775324","error":""},"_links":{"self":[{"href":"https:\/\/www.europesays.com\/se\/wp-json\/wp\/v2\/posts\/122753","targetHints":{"allow":["GET"]}}],"collection":[{"href":"https:\/\/www.europesays.com\/se\/wp-json\/wp\/v2\/posts"}],"about":[{"href":"https:\/\/www.europesays.com\/se\/wp-json\/wp\/v2\/types\/post"}],"author":[{"embeddable":true,"href":"https:\/\/www.europesays.com\/se\/wp-json\/wp\/v2\/users\/2"}],"replies":[{"embeddable":true,"href":"https:\/\/www.europesays.com\/se\/wp-json\/wp\/v2\/comments?post=122753"}],"version-history":[{"count":0,"href":"https:\/\/www.europesays.com\/se\/wp-json\/wp\/v2\/posts\/122753\/revisions"}],"wp:featuredmedia":[{"embeddable":true,"href":"https:\/\/www.europesays.com\/se\/wp-json\/wp\/v2\/media\/122754"}],"wp:attachment":[{"href":"https:\/\/www.europesays.com\/se\/wp-json\/wp\/v2\/media?parent=122753"}],"wp:term":[{"taxonomy":"category","embeddable":true,"href":"https:\/\/www.europesays.com\/se\/wp-json\/wp\/v2\/categories?post=122753"},{"taxonomy":"post_tag","embeddable":true,"href":"https:\/\/www.europesays.com\/se\/wp-json\/wp\/v2\/tags?post=122753"}],"curies":[{"name":"wp","href":"https:\/\/api.w.org\/{rel}","templated":true}]}}