{"id":122756,"date":"2026-01-01T17:05:10","date_gmt":"2026-01-01T17:05:10","guid":{"rendered":"https:\/\/www.europesays.com\/se\/122756\/"},"modified":"2026-01-01T17:05:10","modified_gmt":"2026-01-01T17:05:10","slug":"01-januari-11-14-trafikolycka-singel-stockholm-polisen-se","status":"publish","type":"post","link":"https:\/\/www.europesays.com\/se\/122756\/","title":{"rendered":"01 januari 11.14, Trafikolycka, singel, Stockholm &#8211; polisen.se"},"content":{"rendered":"<ol>\n<li><a href=\"https:\/\/news.google.com\/rss\/articles\/CBMiogFBVV95cUxNRWlQVWptTVFCRm5IejFDZkUxYmtJaURZdmVTSFlDSmtwT19mckllcENFcEU4RjBtYXNTbF9zUjZnUlkzRGo3Zk5KWHc3YlRUUFp4TndGcDd2X3ZhX3FYREJMLVhfN28tZWIzNE9ZelQ0c2hKWVBBNHhIcG1uWEY5amtRWXh4M2Jvck9wS1RybmtmMlNZOHAyU3ljVVJXaDRtZXc?oc=5\" target=\"_blank\" rel=\"nofollow noopener\">01 januari 11.14, Trafikolycka, singel, Stockholm<\/a>&nbsp;&nbsp;polisen.se<\/li>\n<li><a href=\"https:\/\/news.google.com\/rss\/articles\/CBMimgFBVV95cUxOSFJTZjZTRmVyOFRFQjE3SG1lUzRnQkd3MzFxQUxIcEp4WEZ6cUFfQUVCb0ZJWHlIRUhCaGNiQmEydTU0amZtU09oTzhiQnFvbEtCbk5jcVd6aElnRncycXQ4T3BsX1RJUEpoWmFxdDQ2WkNBZmlOSWRLR3RGbDNKY0pNYTNvdGF1RU9pcExlbDd0RDNOdzY5cVpB?oc=5\" target=\"_blank\" rel=\"nofollow noopener\">Lastbil har v\u00e4lt p\u00e5 Essingeleden \u2013 trafiken avst\u00e4ngd<\/a>&nbsp;&nbsp;SVT Nyheter<\/li>\n<li><a href=\"https:\/\/news.google.com\/rss\/articles\/CBMiigFBVV95cUxOQmp1eE5Xb0FJUTZyR0xlbXE1bHo1cjJwOHktS1dienhia0xoenpEdmR0a3FUT0VPREZZTUJ6ZGZxWEItRXZFRldCUmQ3X1pmQktZUk9xZjlFck5HVVE4T2dwTTJyd01hWjFFOWExLWtnd0puQ19BSzNkUnhlc281UlAzdTdsTEpSQWc?oc=5\" target=\"_blank\" rel=\"nofollow noopener\">Tekniska problem f\u00f6r SVT<\/a>&nbsp;&nbsp;Aftonbladet<\/li>\n<li><a href=\"https:\/\/news.google.com\/rss\/articles\/CBMi0gFBVV95cUxPMDVXVGZCX2xxcW0ybS12NS0xMV9HdHR5NHg5ZmhQdnRIUm03NkdEOXZZZWhMTFlsajg2amJVdVFZR1JzUDNzM2RFeDZHZE05VDBsTzdVMzN4SnlHTm9LdnZkRWltOHhvMTVnZDNiR01PdmtjWDZTa3o0SUtLRTdjUENVLXBMNUMxODhhSU1vOUNxaHVLUGItWHFpVlV0cGZqa25XWXRvRVFISFBWYnpoQlhyMlkyX1Q0X2I5RGNPS1VPWGo4M2EyZW5abGk5ajZaSmc?oc=5\" target=\"_blank\" rel=\"nofollow noopener\">Lastbil voltade p\u00e5 Essingeleden \u2013 halt v\u00e4glag p\u00e5 olycksplatsen (En lastbil har v\u00e4lt p\u00e5 Essingeleden i Stockholm.)<\/a>&nbsp;&nbsp;Brottsplatskartan.se<\/li>\n<\/ol>\n","protected":false},"excerpt":{"rendered":"01 januari 11.14, Trafikolycka, singel, Stockholm&nbsp;&nbsp;polisen.se Lastbil har v\u00e4lt p\u00e5 Essingeleden \u2013 trafiken avst\u00e4ngd&nbsp;&nbsp;SVT Nyheter Tekniska problem f\u00f6r&hellip;\n","protected":false},"author":2,"featured_media":54,"comment_status":"","ping_status":"","sticky":false,"template":"","format":"standard","meta":{"footnotes":""},"categories":[5],"tags":[22,23,26,27,17,21,24,25,28,29,15,16,18,34,31,33,32,30,19,20],"class_list":{"0":"post-122756","1":"post","2":"type-post","3":"status-publish","4":"format-standard","5":"has-post-thumbnail","7":"category-rubriker","8":"tag-breaking-news","9":"tag-breakingnews","10":"tag-featured-news","11":"tag-featurednews","12":"tag-headlines","13":"tag-huvudnyheter","14":"tag-latest-news","15":"tag-latestnews","16":"tag-main-news","17":"tag-mainnews","18":"tag-news","19":"tag-nyheter","20":"tag-rubriker","21":"tag-se","22":"tag-svenska","23":"tag-sverige","24":"tag-sweden","25":"tag-swedish","26":"tag-top-stories","27":"tag-topstories"},"share_on_mastodon":{"url":"https:\/\/pubeurope.com\/@se\/115820935409991278","error":""},"_links":{"self":[{"href":"https:\/\/www.europesays.com\/se\/wp-json\/wp\/v2\/posts\/122756","targetHints":{"allow":["GET"]}}],"collection":[{"href":"https:\/\/www.europesays.com\/se\/wp-json\/wp\/v2\/posts"}],"about":[{"href":"https:\/\/www.europesays.com\/se\/wp-json\/wp\/v2\/types\/post"}],"author":[{"embeddable":true,"href":"https:\/\/www.europesays.com\/se\/wp-json\/wp\/v2\/users\/2"}],"replies":[{"embeddable":true,"href":"https:\/\/www.europesays.com\/se\/wp-json\/wp\/v2\/comments?post=122756"}],"version-history":[{"count":0,"href":"https:\/\/www.europesays.com\/se\/wp-json\/wp\/v2\/posts\/122756\/revisions"}],"wp:featuredmedia":[{"embeddable":true,"href":"https:\/\/www.europesays.com\/se\/wp-json\/wp\/v2\/media\/54"}],"wp:attachment":[{"href":"https:\/\/www.europesays.com\/se\/wp-json\/wp\/v2\/media?parent=122756"}],"wp:term":[{"taxonomy":"category","embeddable":true,"href":"https:\/\/www.europesays.com\/se\/wp-json\/wp\/v2\/categories?post=122756"},{"taxonomy":"post_tag","embeddable":true,"href":"https:\/\/www.europesays.com\/se\/wp-json\/wp\/v2\/tags?post=122756"}],"curies":[{"name":"wp","href":"https:\/\/api.w.org\/{rel}","templated":true}]}}