{"id":122763,"date":"2026-01-01T17:21:24","date_gmt":"2026-01-01T17:21:24","guid":{"rendered":"https:\/\/www.europesays.com\/se\/122763\/"},"modified":"2026-01-01T17:21:24","modified_gmt":"2026-01-01T17:21:24","slug":"valdsamma-protester-i-iran-dod-at-diktatorn","status":"publish","type":"post","link":"https:\/\/www.europesays.com\/se\/122763\/","title":{"rendered":"V\u00e5ldsamma protester i Iran: \u201dD\u00f6d \u00e5t diktatorn!\u201d"},"content":{"rendered":"<p>Publicerad 1 jan 2026 kl 08.17<\/p>\n<p>V\u00e5ldsamma protester skakar Iran d\u00e4r inv\u00e5nare demonstrerar mot h\u00f6ga priser \u2013 och mot regimen.<\/p>\n<p>Regeringen beordrade myndigheter och butiker att st\u00e4nga i 21 av landets 31 provinser.<\/p>\n<p>\u2013 D\u00f6d \u00e5t diktatorn! ropade en folkmassa i Hamedan i centrala Iran p\u00e5 onsdagen.<\/p>\n<p>En person ur Irans s\u00e4kerhetsstyrkor har d\u00f6dats, enligt statliga medier.<\/p>\n<p><img   alt=\"\"\/><\/p>\n<p>Iranier protesterar mot inflationen och regimen i Teheran.<\/p>\n<p>Foto: AP \/TT NYHETSBYR\u00c5N<\/p>\n<p>\u00d6ppna bild i helsk\u00e4rm<\/p>\n<p>Demonstrationer mot dyrtid och ekonomiska sv\u00e5righeter sprider sig i <a href=\"https:\/\/www.expressen.se\/tagg\/location\/iran\/\" class=\"\" rel=\"nofollow noopener\" target=\"_blank\">Iran<\/a>. Det \u00e4r de st\u00f6rsta protesterna i landet sedan 2022.<\/p>\n<p>Den galopperande inflationen med kraschande valuta samt brist p\u00e5 vatten och br\u00e4nsle f\u00e5r butiks\u00e4gare, studenter och m\u00e5nga andra grupper att skrika ut sin vrede mot regimen p\u00e5 gatorna.<\/p>\n<p>Artikeln i korthet<\/p>\n<p> V\u00e5ldsamma protester skakar Iran sedan flera dagar.<\/p>\n<p> M\u00e4nniskor protesterar mot inflation och ekonomiska problem.<\/p>\n<p> \u201dD\u00f6d \u00e5t diktatorn!\u201d ropar en folkmassa.<\/p>\n<p>Visa mer\u201dVi vill ha bort regimen\u201d<\/p>\n<p>\u2013 Vad ska mina barn \u00e4ta? M\u00e5ste vi komma med resv\u00e4skor fyllda med kontanter bara f\u00f6r k\u00f6pa br\u00f6d? \u00c4r det normalt? s\u00e4ger butiks\u00e4garen Alborz <a href=\"https:\/\/www.theguardian.com\/world\/2025\/dec\/31\/we-want-the-mullahs-gone-economic-crisis-sparks-biggest-protests-in-iran-since-2022\" rel=\"nofollow noopener\" target=\"_blank\">till Guardian.<\/a><\/p>\n<p>Han v\u00e5gar inte anv\u00e4nda sitt riktiga namn av r\u00e4dsla f\u00f6r repressalier.<\/p>\n<p>\u2013 I \u00e5ratal har vi sakta men s\u00e4kert gjort betydelsefulla f\u00f6r\u00e4ndringar i v\u00e5r livsstil p\u00e5 grund av den korrupta regeringen. Det h\u00e4r var sista spiken i kistan. Vi vill ha bort den h\u00e4r regimen, s\u00e4ger han.<\/p>\n<p>Som m\u00e5nga andra st\u00e4ngde han sin textilbutik i staden Isfahan f\u00f6r att delta i protesterna.<\/p>\n<p>I ett f\u00f6rs\u00f6k att blidka folkmassorna sparkade president Masoud Pezeshkian Irans centralbankschef p\u00e5 onsdagen \u2013 och ersatte honom med f\u00f6rre ekonomiministern Abdolnaser Hemmati.<\/p>\n<p>\u2013 Den nya centralbankschefen kommer att m\u00f6ta enormt tryck och omfattande kritik i denna extremt sv\u00e5ra och komplicerade situation, sade president Pezeshkian <a href=\"https:\/\/www.nytimes.com\/2025\/12\/31\/world\/middleeast\/iran-shutdown-protests.html\" rel=\"nofollow noopener\" target=\"_blank\">n\u00e4r han meddelade skiftet <\/a>p\u00e5 chefsposten i centralbanken.<\/p>\n<p>Ropar slagord<\/p>\n<p>Han manade ocks\u00e5 till \u201dsammanh\u00e5llning, \u00f6msesidigt st\u00f6d och effektiv kritik\u201d f\u00f6r att hj\u00e4lpa landet ur den sv\u00e5ra situationen.<\/p>\n<p>Sociala medier i Iran \u00e4r fulla med videoklipp som visar hur demonstranter ropar slagord mot regimen och kastar sten p\u00e5 s\u00e4kerhetsstyrkor, rapporterar Guardian. Kvinnliga aktivister, butiks\u00e4gare och studenter ropar \u201dd\u00f6d \u00e5t diktatorn\u201d och \u201dkvinna, liv, frihet\u201d. Det \u00e4r slagord som kan ge f\u00e4ngelsestraff, skriver tidningen.<\/p>\n<p>Protesterna startade i s\u00f6ndags n\u00e4r den iranska valutan, rialen, f\u00f6ll skarpt gentemot dollarn. Den har d\u00e4rmed f\u00f6rlorat 56 procent i v\u00e4rde i f\u00f6rh\u00e5llande till dollarn p\u00e5 ett halv\u00e5r. Valutakrisen har lett till galopperande inflation, matpriserna har g\u00e5tt upp 72 procent j\u00e4mf\u00f6rt med f\u00f6rra \u00e5ret.<\/p>\n<p>\u2013 D\u00f6d \u00e5t diktatorn! ropade demonstranter i Hamedan centrala Iran, enligt en video publicerad <a href=\"https:\/\/www.instagram.com\/reels\/DS8FRZ0EjyC\/\" rel=\"nofollow noopener\" target=\"_blank\">av BBC:s persiska s\u00e4ndningar.<\/a><\/p>\n<p>Annons<\/p>\n<p>\u201dVi vill ha demokrati\u201d<\/p>\n<p>President Masoud Pezeshkian s\u00e4ger att regeringen ska lyssna till \u201dlegitima krav\u201d fr\u00e5n demonstranterna. Men m\u00e5nga som protesterar \u00e4r skeptiska till hans l\u00f6ften. En 19-\u00e5rig studentaktivist, som kallar sig Farhad, <a href=\"https:\/\/www.theguardian.com\/world\/2025\/dec\/31\/we-want-the-mullahs-gone-economic-crisis-sparks-biggest-protests-in-iran-since-2022\" rel=\"nofollow noopener\" target=\"_blank\">s\u00e4ger till Guardian <\/a>att presidentens uttalande bara \u00e4r ett genomskinligt f\u00f6rs\u00f6k att stoppa protesterna.<\/p>\n<p>\u2013 Man m\u00e5ste vara naiv f\u00f6r att tro att iranier litar p\u00e5 den h\u00e4r regeringen eller regimen. Om myndigheterna ville samtala skulle de inte skjuta t\u00e5rgas p\u00e5 demonstranter. Om de ville ha dialog skulle de inte ha avr\u00e4ttat demonstranter 2023, s\u00e4ger Farhad.<\/p>\n<p>\u2013 Ingen av oss vill tala med dem. Vi vill ha bort mullorna och vi vill ha demokrati, s\u00e4ger han.<\/p>\n<p>En i milistyrka d\u00f6dad<\/p>\n<p>En person ur Irans s\u00e4kerhetsstyrkor har d\u00f6dats i samband med protesterna, enligt landets statliga medier. Personen ska ha varit medlem i landets \u00f6k\u00e4nda milisstyrka Basij, skriver TT.\u00a0<\/p>\n<p>\u201dEn 21-\u00e5rig medlem av Basij fr\u00e5n staden Kuhdasht d\u00f6dades i g\u00e5r kv\u00e4ll av upprorsmakare n\u00e4r han f\u00f6rsvarade den allm\u00e4nna ordningen\u201d, rapporterar statlig tv som h\u00e4nvisar uppgifterna till provinsen Lorestans bitr\u00e4dande guvern\u00f6r Said Pourali.<\/p>\n<p><strong>L\u00c4S MER: <\/strong><a href=\"https:\/\/www.expressen.se\/nyheter\/varlden\/protester-i-iran-tredje-dagen-i-rad\/\" class=\"\" rel=\"nofollow noopener\" target=\"_blank\">Protester i Iran \u2013 tredje dagen i rad<\/a><strong>L\u00c4S MER: <\/strong><a href=\"https:\/\/www.expressen.se\/nyheter\/varlden\/ex-diktatorns-lyxliv-hos-putin-fullt-ut\/\" class=\"\" rel=\"nofollow noopener\" target=\"_blank\">Ex-diktatorns lyxliv hos Putin: \u201dFullt ut\u201d<\/a><strong>L\u00c4S MER: <\/strong><a href=\"https:\/\/www.expressen.se\/nyheter\/varlden\/valdsamma-protester-mot-regeringen-over-100-skadade\/\" class=\"\" rel=\"nofollow noopener\" target=\"_blank\">V\u00e5ldsamma protester mot regeringen \u2013 \u00f6ver 100 skadade<\/a><script async src=\"\/\/www.instagram.com\/embed.js\"><\/script><\/p>\n","protected":false},"excerpt":{"rendered":"Publicerad 1 jan 2026 kl 08.17 V\u00e5ldsamma protester skakar Iran d\u00e4r inv\u00e5nare demonstrerar mot h\u00f6ga priser \u2013 och&hellip;\n","protected":false},"author":2,"featured_media":122764,"comment_status":"","ping_status":"","sticky":false,"template":"","format":"standard","meta":{"footnotes":""},"categories":[5],"tags":[22,23,26,27,17,21,24,25,971,12941,28,29,15,16,18,34,55,31,33,32,30,19,20],"class_list":{"0":"post-122763","1":"post","2":"type-post","3":"status-publish","4":"format-standard","5":"has-post-thumbnail","7":"category-rubriker","8":"tag-breaking-news","9":"tag-breakingnews","10":"tag-featured-news","11":"tag-featurednews","12":"tag-headlines","13":"tag-huvudnyheter","14":"tag-latest-news","15":"tag-latestnews","16":"tag-location-iran","17":"tag-location-teheran","18":"tag-main-news","19":"tag-mainnews","20":"tag-news","21":"tag-nyheter","22":"tag-rubriker","23":"tag-se","24":"tag-sections-varlden","25":"tag-svenska","26":"tag-sverige","27":"tag-sweden","28":"tag-swedish","29":"tag-top-stories","30":"tag-topstories"},"share_on_mastodon":{"url":"https:\/\/pubeurope.com\/@se\/115820998342995806","error":""},"_links":{"self":[{"href":"https:\/\/www.europesays.com\/se\/wp-json\/wp\/v2\/posts\/122763","targetHints":{"allow":["GET"]}}],"collection":[{"href":"https:\/\/www.europesays.com\/se\/wp-json\/wp\/v2\/posts"}],"about":[{"href":"https:\/\/www.europesays.com\/se\/wp-json\/wp\/v2\/types\/post"}],"author":[{"embeddable":true,"href":"https:\/\/www.europesays.com\/se\/wp-json\/wp\/v2\/users\/2"}],"replies":[{"embeddable":true,"href":"https:\/\/www.europesays.com\/se\/wp-json\/wp\/v2\/comments?post=122763"}],"version-history":[{"count":0,"href":"https:\/\/www.europesays.com\/se\/wp-json\/wp\/v2\/posts\/122763\/revisions"}],"wp:featuredmedia":[{"embeddable":true,"href":"https:\/\/www.europesays.com\/se\/wp-json\/wp\/v2\/media\/122764"}],"wp:attachment":[{"href":"https:\/\/www.europesays.com\/se\/wp-json\/wp\/v2\/media?parent=122763"}],"wp:term":[{"taxonomy":"category","embeddable":true,"href":"https:\/\/www.europesays.com\/se\/wp-json\/wp\/v2\/categories?post=122763"},{"taxonomy":"post_tag","embeddable":true,"href":"https:\/\/www.europesays.com\/se\/wp-json\/wp\/v2\/tags?post=122763"}],"curies":[{"name":"wp","href":"https:\/\/api.w.org\/{rel}","templated":true}]}}