{"id":122780,"date":"2026-01-01T17:50:07","date_gmt":"2026-01-01T17:50:07","guid":{"rendered":"https:\/\/www.europesays.com\/se\/122780\/"},"modified":"2026-01-01T17:50:07","modified_gmt":"2026-01-01T17:50:07","slug":"harda-bud-efter-misslyckade-afrikanska-masterskapet-regeringen-i-gabon-stanger-av-hela-landslaget-sport","status":"publish","type":"post","link":"https:\/\/www.europesays.com\/se\/122780\/","title":{"rendered":"H\u00e5rda bud efter misslyckade afrikanska m\u00e4sterskapet \u2013 regeringen i Gabon st\u00e4nger av hela landslaget | Sport"},"content":{"rendered":"<p class=\"aw-1gybjub aw-5vja16 kEtdKx kmuxyA yle__article__paragraph\">Gabon \u00e4r utslaget ur afrikanska m\u00e4sterskapet i fotboll, efter att ha f\u00f6rlorat alla tre gruppspelsmatcher. Nu svarar landets regering med att l\u00e4gga ned landslaget.<\/p>\n<p><img decoding=\"async\" alt=\"Pierre-Emerick Aubameyang med handen mot br\u00f6stet i samband med nationals\u00e5ng.\" src=\"https:\/\/www.europesays.com\/se\/wp-content\/uploads\/2026\/01\/39-15763346956a96c53094.jpeg\" class=\"aw-1l9m598 hKVVvP\"\/><\/p>\n<p>\u00d6ppna bildvisare<\/p>\n<p>Pierre-Emerick Aubameyang \u00e4r Gabons stora stj\u00e4rna. Nu har landets regering kastat ut honom fr\u00e5n landslaget. Bild: Victor Modo \/ All Over PressLyssna (du h\u00f6r en artificiell r\u00f6st) 1:53<\/p>\n<p class=\"aw-1gybjub aw-1p7kakr kEtdKx cEmitX yle__article__paragraph\">Afrikanska m\u00e4sterskapet i fotboll blev ingen munter historia f\u00f6r Gabon. Man slutade sist i sin grupp efter f\u00f6rluster mot Kamerun, Mo\u00e7ambique och Elfenbenskusten.<\/p>\n<p class=\"aw-1gybjub aw-1p7kakr kEtdKx cEmitX yle__article__paragraph\">Missr\u00e4kningen v\u00e4ckte vrede i hemlandet. Fr\u00e5n regeringsh\u00e5ll svarar man med att rentav l\u00e4gga ned hela landslagsverksamheten tills vidare.<\/p>\n<p class=\"aw-1gybjub aw-1p7kakr kEtdKx cEmitX yle__article__paragraph\">Landets idrottsminister Simplice-Desire Mamboula kom med tydliga besked i nationell tv under ny\u00e5rsafton.<\/p>\n<p class=\"aw-1gybjub aw-1p7kakr kEtdKx cEmitX yle__article__paragraph\">\u2013 Som en f\u00f6ljd av \u201dPantrarnas\u201d skamliga insats i AFCON har regeringen beslutat att uppl\u00f6sa tr\u00e4narteamet, st\u00e4nga av landslaget tills vidare och plocka bort spelarna Bruno Ecuele Manga och Pierre-Emerick Aubameyang, meddelade ministern.<\/p>\n<p>Presidenten kritisk<\/p>\n<p class=\"aw-1gybjub aw-1p7kakr kEtdKx cEmitX yle__article__paragraph\">De tv\u00e5 n\u00e4mnda spelarna h\u00f6r till lagets stora profiler. Lagkaptenen Bruno Ecuele Manga spelar till vardags f\u00f6r Dijon i franska ligan, medan Aubameyang tillh\u00f6r Marseille efter att tidigare ha varit i bland annat Arsenal och Dortmund.<\/p>\n<p class=\"aw-1gybjub aw-1p7kakr kEtdKx cEmitX yle__article__paragraph\">Efter den avslutande 2\u20133-f\u00f6rlusten mot Elfenbenskusten i s\u00f6ndags \u2013 d\u00e4r Ecuele Manga var petad och Aubameyang saknades p\u00e5 grund av en sm\u00e4ll \u2013 uttalade sig till och med landets president.<\/p>\n<p class=\"aw-1gybjub aw-1p7kakr kEtdKx cEmitX yle__article__paragraph\">\u2013 Det h\u00e4r har f\u00f6rsvagat v\u00e5r nationella identitet, kommenterade president Brice Clotaire Oligui Nguema.<\/p>\n<p class=\"aw-1gybjub aw-1p7kakr kEtdKx cEmitX yle__article__paragraph\">Presidenten lovade ocks\u00e5 att det skulle bli f\u00f6r\u00e4ndringar i landslaget. Internationella fotbollsf\u00f6rbundet Fifa l\u00e4r ha sitt att s\u00e4ga om kaoset, i och med att stadgarna f\u00f6rbjuder regeringsinflytande i de nationella fotbollsf\u00f6rbunden.<\/p>\n<p class=\"aw-1gybjub aw-1p7kakr kEtdKx cEmitX yle__article__paragraph\">K\u00e4lla: AFP<\/p>\n","protected":false},"excerpt":{"rendered":"Gabon \u00e4r utslaget ur afrikanska m\u00e4sterskapet i fotboll, efter att ha f\u00f6rlorat alla tre gruppspelsmatcher. Nu svarar landets&hellip;\n","protected":false},"author":2,"featured_media":122781,"comment_status":"","ping_status":"","sticky":false,"template":"","format":"standard","meta":{"footnotes":""},"categories":[5],"tags":[12942,22,23,12946,26,27,138,12945,12943,17,21,24,25,28,29,15,16,12944,18,34,111,31,33,32,30,19,20,579],"class_list":{"0":"post-122780","1":"post","2":"type-post","3":"status-publish","4":"format-standard","5":"has-post-thumbnail","7":"category-rubriker","8":"tag-afrikanska-masterskapet-i-fotboll","9":"tag-breaking-news","10":"tag-breakingnews","11":"tag-bruno-ecuele-manga","12":"tag-featured-news","13":"tag-featurednews","14":"tag-fotboll","15":"tag-gabon","16":"tag-gabons-herrlandslag-i-fotboll","17":"tag-headlines","18":"tag-huvudnyheter","19":"tag-latest-news","20":"tag-latestnews","21":"tag-main-news","22":"tag-mainnews","23":"tag-news","24":"tag-nyheter","25":"tag-pierre-emerick-aubameyang","26":"tag-rubriker","27":"tag-se","28":"tag-sport","29":"tag-svenska","30":"tag-sverige","31":"tag-sweden","32":"tag-swedish","33":"tag-top-stories","34":"tag-topstories","35":"tag-yle-sporten"},"share_on_mastodon":{"url":"https:\/\/pubeurope.com\/@se\/115821112348954193","error":""},"_links":{"self":[{"href":"https:\/\/www.europesays.com\/se\/wp-json\/wp\/v2\/posts\/122780","targetHints":{"allow":["GET"]}}],"collection":[{"href":"https:\/\/www.europesays.com\/se\/wp-json\/wp\/v2\/posts"}],"about":[{"href":"https:\/\/www.europesays.com\/se\/wp-json\/wp\/v2\/types\/post"}],"author":[{"embeddable":true,"href":"https:\/\/www.europesays.com\/se\/wp-json\/wp\/v2\/users\/2"}],"replies":[{"embeddable":true,"href":"https:\/\/www.europesays.com\/se\/wp-json\/wp\/v2\/comments?post=122780"}],"version-history":[{"count":0,"href":"https:\/\/www.europesays.com\/se\/wp-json\/wp\/v2\/posts\/122780\/revisions"}],"wp:featuredmedia":[{"embeddable":true,"href":"https:\/\/www.europesays.com\/se\/wp-json\/wp\/v2\/media\/122781"}],"wp:attachment":[{"href":"https:\/\/www.europesays.com\/se\/wp-json\/wp\/v2\/media?parent=122780"}],"wp:term":[{"taxonomy":"category","embeddable":true,"href":"https:\/\/www.europesays.com\/se\/wp-json\/wp\/v2\/categories?post=122780"},{"taxonomy":"post_tag","embeddable":true,"href":"https:\/\/www.europesays.com\/se\/wp-json\/wp\/v2\/tags?post=122780"}],"curies":[{"name":"wp","href":"https:\/\/api.w.org\/{rel}","templated":true}]}}