{"id":122790,"date":"2026-01-01T18:01:07","date_gmt":"2026-01-01T18:01:07","guid":{"rendered":"https:\/\/www.europesays.com\/se\/122790\/"},"modified":"2026-01-01T18:01:07","modified_gmt":"2026-01-01T18:01:07","slug":"trailer-marvels-nasta-serie-ar-bara-nagra-veckor-bort-med-en-guldbagge-vinnare-i-rollistan","status":"publish","type":"post","link":"https:\/\/www.europesays.com\/se\/122790\/","title":{"rendered":"Trailer: Marvels n\u00e4sta serie \u00e4r bara n\u00e5gra veckor bort &#8211; med en Guldbagge-vinnare i rollistan!"},"content":{"rendered":"<p>Vi har inte ens hunnit uppleva ett dygn av 2026, och Marvel beg\u00e4r redan v\u00e5r uppm\u00e4rksamhet med en rykande f\u00e4rsk trailer. Nej, det \u00e4r faktiskt inte \u201dAvengers: Doomsday\u201d den h\u00e4r g\u00e5ngen, utan \u201d<strong>Wonder<\/strong> <strong>Man<\/strong>\u201d, deras nyaste seriesatsning p\u00e5 Disney+. F\u00f6r dig som alltid velat se en crossover mellan MCU och typ \u201dThe Studio\u201d \u00e4r det h\u00e4r nog en dr\u00f6mserie.<\/p>\n<p>\u201dWonder Man\u201d handlar om <strong>Simon Williams<\/strong>, en aspirerande sk\u00e5despelare som f\u00e5r sitt livs chans n\u00e4r han blir aktuell f\u00f6r rollen som superhj\u00e4lten Wonder Man i en film av konstn\u00e4rlige regiss\u00f6ren Von Kovak, som \u00e4r fast besluten att ge nytt blod \u00e5t superhj\u00e4ltegenren och bek\u00e4mpa \u201dsuperhero fatigue\u201d. <\/p>\n<p>Till hj\u00e4lp har Simon avdankade sk\u00e5disen Trevor Slattery, som k\u00e4nns igen fr\u00e5n framf\u00f6rallt \u201dIron Man 3\u201d, d\u00e4r han l\u00e5tsades vara skurken The Mandarin, och till stj\u00e4lp har han faktiska superkrafter, som ger honom o\u00f6nskad uppm\u00e4rksamhet fr\u00e5n statliga Department of Damage Control som har i uppdrag att bevaka individer med superkrafter. <\/p>\n<p>Simon Williams spelas av <strong>Yahya Abdul-Mateen II<\/strong>, som har tidigare superhj\u00e4lteerfarenhet fr\u00e5n b\u00e5de \u201dWatchmen\u201d (serien) och \u201dAquaman\u201d. <strong>Ben Kingsley<\/strong> och <strong>Ariyan Moayed<\/strong> \u00e5terv\u00e4nder till sina tidigare Marvelroller som Slattery och Damage Control-agenten Cleary respektive. I rollistan finns \u00e4ven Guldbagge-vinnaren <strong>Zlatko Buric<\/strong> (\u201dSuperman\u201d), <strong>Demetrius Grosse<\/strong> (\u201dJustified\u201d) och <strong>Ed Harris<\/strong> (\u201dWestworld\u201d). Bakom serien hittar vi bland andra <strong>Destin Daniel Cretton<\/strong>, som regisserade \u201dShang-Chi and the Legend of the Ten Rings\u201d. <\/p>\n<p>\u201dWonder Man\u201d ser ut att bli en meta-doftande komedi olikt allt annat Marvel gjort hittills. Huruvida skenet bedrar och allt i slut\u00e4ndan blir \u00e4nnu en i m\u00e4ngden bland Marvels m\u00e5nga seriesatsningar, eller faktiskt n\u00e5got v\u00e4rt att minnas, \u00e5terst\u00e5r att se. Som Marvelfan hoppas jag s\u00e5klart p\u00e5 det senare, s\u00e4rskilt d\u00e5 Marvelserierna g\u00e5tt p\u00e5 tomg\u00e5ng ett bra tag nu. <\/p>\n<p>Den nya trailern f\u00f6r \u201dWonder Man\u201d finns att se nedan. Premi\u00e4r blir det p\u00e5 Disney+ den 27 januari. <\/p>\n<p><img loading=\"lazy\" decoding=\"async\" alt=\"YouTube video\" width=\"480\" height=\"360\" data-pin-nopin=\"true\" nopin=\"nopin\" class=\"perfmatters-lazy\" src=\"https:\/\/www.europesays.com\/se\/wp-content\/uploads\/2026\/01\/1767290467_873_hqdefault.jpg\"\/><\/p>\n<p>L\u00e4s ocks\u00e5: <a href=\"https:\/\/www.moviezine.se\/nyheter\/galen-oppning-pa-tv-aret-hela-12-nya-tv-serier-du-inte-vill-missa-i-januari\" title=\"Galen \u00f6ppning p\u00e5 tv-\u00e5ret! Hela 12 nya tv-serier du inte vill missa i januari\" class=\"underline-custom !font-montserrat !font-bold !underline-offset-4 !decoration-4 !decoration-moviezine-green !text-md\" rel=\"nofollow noopener\" target=\"_blank\">Galen \u00f6ppning p\u00e5 tv-\u00e5ret! Hela 12 nya tv-serier du inte vill missa i januari<\/a><\/p>\n<p>L\u00e4s ocks\u00e5: <a href=\"https:\/\/www.moviezine.se\/nyheter\/28-nya-filmer-och-serier-pa-disney-plus-i-januari-2026\" title=\"28 nya filmer och serier p\u00e5 v\u00e4g till Disney+ Sverige \u2013 januari 2026\" class=\"underline-custom !font-montserrat !font-bold !underline-offset-4 !decoration-4 !decoration-moviezine-green !text-md\" rel=\"nofollow noopener\" target=\"_blank\">28 nya filmer och serier p\u00e5 v\u00e4g till Disney+ Sverige \u2013 januari 2026<\/a><\/p>\n<p>L\u00e4s ocks\u00e5: <a href=\"https:\/\/www.moviezine.se\/nyheter\/thor-ar-tillbaka-se-nya-trailern-tillavengers-doomsday\" title=\"Thor \u00e4r tillbaka! Se nya trailern till \u201dAvengers: Doomsday\u201d\" class=\"underline-custom !font-montserrat !font-bold !underline-offset-4 !decoration-4 !decoration-moviezine-green !text-md\" rel=\"nofollow noopener\" target=\"_blank\">Thor \u00e4r tillbaka! Se nya trailern till \u201dAvengers: Doomsday\u201d<\/a><\/p>\n","protected":false},"excerpt":{"rendered":"Vi har inte ens hunnit uppleva ett dygn av 2026, och Marvel beg\u00e4r redan v\u00e5r uppm\u00e4rksamhet med en&hellip;\n","protected":false},"author":2,"featured_media":122791,"comment_status":"","ping_status":"","sticky":false,"template":"","format":"standard","meta":{"footnotes":""},"categories":[67],"tags":[104,2390,34,31,33,32,30,2044,105],"class_list":{"0":"post-122790","1":"post","2":"type-post","3":"status-publish","4":"format-standard","5":"has-post-thumbnail","7":"category-underhallning","8":"tag-entertainment","9":"tag-marvel","10":"tag-se","11":"tag-svenska","12":"tag-sverige","13":"tag-sweden","14":"tag-swedish","15":"tag-trailer","16":"tag-underhallning"},"share_on_mastodon":{"url":"https:\/\/pubeurope.com\/@se\/115821155661484097","error":""},"_links":{"self":[{"href":"https:\/\/www.europesays.com\/se\/wp-json\/wp\/v2\/posts\/122790","targetHints":{"allow":["GET"]}}],"collection":[{"href":"https:\/\/www.europesays.com\/se\/wp-json\/wp\/v2\/posts"}],"about":[{"href":"https:\/\/www.europesays.com\/se\/wp-json\/wp\/v2\/types\/post"}],"author":[{"embeddable":true,"href":"https:\/\/www.europesays.com\/se\/wp-json\/wp\/v2\/users\/2"}],"replies":[{"embeddable":true,"href":"https:\/\/www.europesays.com\/se\/wp-json\/wp\/v2\/comments?post=122790"}],"version-history":[{"count":0,"href":"https:\/\/www.europesays.com\/se\/wp-json\/wp\/v2\/posts\/122790\/revisions"}],"wp:featuredmedia":[{"embeddable":true,"href":"https:\/\/www.europesays.com\/se\/wp-json\/wp\/v2\/media\/122791"}],"wp:attachment":[{"href":"https:\/\/www.europesays.com\/se\/wp-json\/wp\/v2\/media?parent=122790"}],"wp:term":[{"taxonomy":"category","embeddable":true,"href":"https:\/\/www.europesays.com\/se\/wp-json\/wp\/v2\/categories?post=122790"},{"taxonomy":"post_tag","embeddable":true,"href":"https:\/\/www.europesays.com\/se\/wp-json\/wp\/v2\/tags?post=122790"}],"curies":[{"name":"wp","href":"https:\/\/api.w.org\/{rel}","templated":true}]}}