{"id":122810,"date":"2026-01-01T18:19:06","date_gmt":"2026-01-01T18:19:06","guid":{"rendered":"https:\/\/www.europesays.com\/se\/122810\/"},"modified":"2026-01-01T18:19:06","modified_gmt":"2026-01-01T18:19:06","slug":"sjukskoterskan-charlotte-har-jour-i-snostormen-ensam","status":"publish","type":"post","link":"https:\/\/www.europesays.com\/se\/122810\/","title":{"rendered":"Sjuksk\u00f6terskan Charlotte har jour i sn\u00f6stormen \u2013 ensam"},"content":{"rendered":"<p data-testid=\"lead\" itemprop=\"description\">Kan inte stanna hem \u2013 trots uppmaningen \u2022 \u201dTar dubbelt s\u00e5 l\u00e5ng tid att n\u00e5 patienterna\u201d <\/p>\n<p class=\"sc-c25743f0-0 sc-e37c0145-2 hObFds DQgPn\"><strong>Efter tv\u00e5 kraftiga ov\u00e4der p\u00e5 kort tid \u00e4r framkomligheten i stora delar av landet kraftigt begr\u00e4nsad.<br \/>Myndigheter uppmanar folk att stanna hemma \u2013 men Charlotte Lind, hemsjuksk\u00f6terska i Ovan\u00e5kers kommun, har inget val.<br \/>\u2013 Jag har varit lite nerv\u00f6s, s\u00e4ger hon. <\/strong><\/p>\n<p class=\"sc-c25743f0-0 sc-e37c0145-2 hObFds DQgPn\">Orangea och gula varningar har utf\u00e4rdats i stora delar av Sverige. Trafikverket och SMHI uppmanar bilister att undvika att ge sig ut. Men f\u00f6r Charlotte Lind \u00e4r det om\u00f6jligt att stanna hemma.<\/p>\n<p class=\"sc-c25743f0-0 sc-e37c0145-2 hObFds DQgPn\">Hon ansvarar n\u00e4mligen f\u00f6r hemsjukv\u00e5rdspatienter som av olika anledningar inte kan ta sig till v\u00e5rdcentralen.<\/p>\n<p class=\"sc-c25743f0-0 sc-e37c0145-2 hObFds DQgPn\">\u2013 Det k\u00e4nns j\u00e4ttedumt att ge sig ut n\u00e4r alla uppmanas att stanna hemma. Men det finns ju faktiskt de som inte kan stanna hemma, s\u00e4ger hon. <\/p>\n<p>Fyra mil i sn\u00f6storm \u2013 och ensam p\u00e5 jobbet<\/p>\n<p class=\"sc-c25743f0-0 sc-e37c0145-2 hObFds DQgPn\">Charlotte har fyra mil till jobbet och har jour hela kv\u00e4llen. Under torsdagskv\u00e4llen \u00e4r hon ensam hemsjuksk\u00f6terska i en kommun med strax \u00f6ver 11 000 inv\u00e5nare, det uppger hon f\u00f6r TV4 Nyheterna. <\/p>\n<p class=\"sc-c25743f0-0 sc-e37c0145-2 hObFds DQgPn\">\u2013 Jag var nerv\u00f6s i g\u00e5r kv\u00e4ll och funderade p\u00e5 hur det skulle g\u00e5, s\u00e4ger hon.<\/p>\n<p class=\"sc-c25743f0-0 sc-e37c0145-2 hObFds DQgPn\">Schemat har bantats ner f\u00f6r att prioritera det mest akuta. Exempelvis g\u00e5r s\u00e5roml\u00e4ggningar f\u00f6re blodtryckskontroller.<\/p>\n<p class=\"sc-c25743f0-0 sc-e37c0145-2 hObFds DQgPn\">\u2013 Det \u00e4r frustrerande n\u00e4r det \u00e4r saker som man inte kan p\u00e5verka sj\u00e4lv, s\u00e4ger hon och syftar p\u00e5 sn\u00f6ov\u00e4dret. <\/p>\n<p>Riskerar att fastna <\/p>\n<p class=\"sc-c25743f0-0 sc-e37c0145-2 hObFds DQgPn\">Hon ber\u00e4ttar att hon packat varmvatten, varselv\u00e4st och pannlampa i bilen f\u00f6r s\u00e4kerhetens skull. <\/p>\n<p class=\"sc-c25743f0-0 sc-e37c0145-2 hObFds DQgPn\">\u2013 Skulle jag bli st\u00e5ende g\u00e5r det ingen n\u00f6d p\u00e5 mig tills hj\u00e4lp kommer, s\u00e4ger hon.<\/p>\n<p class=\"sc-c25743f0-0 sc-e37c0145-2 hObFds DQgPn\">Om hon inte kommer fram finns en sambandscentral som kan skicka skoter eller bandvagn. Samtidigt ber\u00e4ttar hon att det tar ungef\u00e4r dubbelt s\u00e5 l\u00e5ng tid att ta sig till patienterna. <\/p>\n<p class=\"sc-c25743f0-0 sc-e37c0145-2 hObFds DQgPn\">\u2013 Det \u00e4r lite udda att komma till patienter i bandvagn, men huvudsaken \u00e4r att man kommer fram, s\u00e4ger hon.<\/p>\n<p>\u201dDet v\u00e4rsta h\u00e5ller p\u00e5 att komma nu\u201d<\/p>\n<p class=\"sc-c25743f0-0 sc-e37c0145-2 hObFds DQgPn\">N\u00e4r vi pratar med Charlotte har sn\u00f6n tilltagit kraftigt.<\/p>\n<p class=\"sc-c25743f0-0 sc-e37c0145-2 hObFds DQgPn\">\u2013 Det v\u00e4rsta h\u00e5ller p\u00e5 att komma nu och det blir mer f\u00f6r varje minut, s\u00e4ger hon.<\/p>\n<p class=\"sc-c25743f0-0 sc-e37c0145-2 hObFds DQgPn\">Hon har jour till halv nio i kv\u00e4ll \u2013 och hoppas att hon slipper k\u00f6ra fast med bilen.<\/p>\n<p class=\"sc-c25743f0-0 sc-e37c0145-2 hObFds DQgPn\">\u2013 Jag s\u00e5g en person som pekade finger \u00e5t mig n\u00e4r jag k\u00f6rde genom stan. Folk tycker v\u00e4l man \u00e4r kn\u00e4pp som \u00e4r ute n\u00e4r man uppmanas att stanna hemma, s\u00e4ger hon. <\/p>\n","protected":false},"excerpt":{"rendered":"Kan inte stanna hem \u2013 trots uppmaningen \u2022 \u201dTar dubbelt s\u00e5 l\u00e5ng tid att n\u00e5 patienterna\u201d Efter tv\u00e5&hellip;\n","protected":false},"author":2,"featured_media":122811,"comment_status":"","ping_status":"","sticky":false,"template":"","format":"standard","meta":{"footnotes":""},"categories":[66],"tags":[80,78,79,34,31,33,32,30,81,84,83,82],"class_list":{"0":"post-122810","1":"post","2":"type-post","3":"status-publish","4":"format-standard","5":"has-post-thumbnail","7":"category-vetenskap-och-teknik","8":"tag-science","9":"tag-science-and-technology","10":"tag-scienceandtechnology","11":"tag-se","12":"tag-svenska","13":"tag-sverige","14":"tag-sweden","15":"tag-swedish","16":"tag-technology","17":"tag-teknik","18":"tag-vetenskap","19":"tag-vetenskapteknik"},"share_on_mastodon":{"url":"https:\/\/pubeurope.com\/@se\/115821226426683935","error":""},"_links":{"self":[{"href":"https:\/\/www.europesays.com\/se\/wp-json\/wp\/v2\/posts\/122810","targetHints":{"allow":["GET"]}}],"collection":[{"href":"https:\/\/www.europesays.com\/se\/wp-json\/wp\/v2\/posts"}],"about":[{"href":"https:\/\/www.europesays.com\/se\/wp-json\/wp\/v2\/types\/post"}],"author":[{"embeddable":true,"href":"https:\/\/www.europesays.com\/se\/wp-json\/wp\/v2\/users\/2"}],"replies":[{"embeddable":true,"href":"https:\/\/www.europesays.com\/se\/wp-json\/wp\/v2\/comments?post=122810"}],"version-history":[{"count":0,"href":"https:\/\/www.europesays.com\/se\/wp-json\/wp\/v2\/posts\/122810\/revisions"}],"wp:featuredmedia":[{"embeddable":true,"href":"https:\/\/www.europesays.com\/se\/wp-json\/wp\/v2\/media\/122811"}],"wp:attachment":[{"href":"https:\/\/www.europesays.com\/se\/wp-json\/wp\/v2\/media?parent=122810"}],"wp:term":[{"taxonomy":"category","embeddable":true,"href":"https:\/\/www.europesays.com\/se\/wp-json\/wp\/v2\/categories?post=122810"},{"taxonomy":"post_tag","embeddable":true,"href":"https:\/\/www.europesays.com\/se\/wp-json\/wp\/v2\/tags?post=122810"}],"curies":[{"name":"wp","href":"https:\/\/api.w.org\/{rel}","templated":true}]}}