{"id":122836,"date":"2026-01-01T18:47:35","date_gmt":"2026-01-01T18:47:35","guid":{"rendered":"https:\/\/www.europesays.com\/se\/122836\/"},"modified":"2026-01-01T18:47:35","modified_gmt":"2026-01-01T18:47:35","slug":"mordmisstankt-utlamnad-till-sverige-och-haktad-vasterbottens-kuriren","status":"publish","type":"post","link":"https:\/\/www.europesays.com\/se\/122836\/","title":{"rendered":"Mordmisst\u00e4nkt utl\u00e4mnad till Sverige och h\u00e4ktad &#8211; V\u00e4sterbottens-Kuriren"},"content":{"rendered":"<ol>\n<li><a href=\"https:\/\/news.google.com\/rss\/articles\/CBMiiAFBVV95cUxOZ2ZBX3ZCRHFITUpxWkN6cmQyTGtjZlFiQXd5N2FfRlN0S3hCaFdhTDY1ajBzMjVFenJtcmRqNU1aZGVQNHlWclc2N29IRElUZzh3b3VrMzRJNEc4RVRIaGpjVnZvZDBXYnBQeVhsWFk2TTF1eTEtcFBIUXV0VDJpU21xcDg0VlZU?oc=5\" target=\"_blank\" rel=\"nofollow noopener\">Mordmisst\u00e4nkt utl\u00e4mnad till Sverige och h\u00e4ktad<\/a>&nbsp;&nbsp;V\u00e4sterbottens-Kuriren<\/li>\n<li><a href=\"https:\/\/news.google.com\/rss\/articles\/CBMihAFBVV95cUxNazhFRzZzcTMwMTdXWVdHaE8yVm1yM0lZMHlVbzdfbmNfc01YUU5ZZUU5Mldxenp2amZlZUdXLUJxMUx4a3ZYS0RhQ2xnN1Vaa2ZkWXNYUVFJeE9ta2djaFZPRXBJeTNfOEcwU2o5QjJycm1IaGh6ZzROd3N5RTZCZ2stR0w?oc=5\" target=\"_blank\" rel=\"nofollow noopener\">Mordmisst\u00e4nkt man utl\u00e4mnad till Sverige \u2013 h\u00e4ktad<\/a>&nbsp;&nbsp;SVT Nyheter<\/li>\n<li><a href=\"https:\/\/news.google.com\/rss\/articles\/CBMif0FVX3lxTE9aeEpOeTBwR1lmSFl2Ym1EREtRR1BvWUdoLWpudEYxNEhMUHdFQlIzUmZwcmt2ZlJxVlZsd2tQWFJiRkdqTjJ1SG1XYkR1dUYweU12QXdLUnJzb0xZOFhoWEV3dU1GV211a1NhMlFPdDZBVEY1MjB0NlpJYVVfREU?oc=5\" target=\"_blank\" rel=\"nofollow noopener\">Eddie Jobe h\u00e4ktas f\u00f6r 13 \u00e5r gammalt mord<\/a>&nbsp;&nbsp;Expressen<\/li>\n<li><a href=\"https:\/\/news.google.com\/rss\/articles\/CBMiigFBVV95cUxOaC1WN0gxdEIyblBWR1MyajN4blI2NTdRd05UN0JITnp1b2lGazV4UEhmTV9xQ3RBQnVjT1hTeEttSThqVTlETXFzVXZkTV95UjNfVXdvNnJUQ1Y4dHJubGZBOXptZzBHQ1p4eFZkQjV5SmtHb3B2anRNNjVQRjRXWjhGcEsxMnhSUVE?oc=5\" target=\"_blank\" rel=\"nofollow noopener\">Gripen f\u00f6r 13 \u00e5r gammalt mord beg\u00e4rd h\u00e4ktad<\/a>&nbsp;&nbsp;Aftonbladet<\/li>\n<li><a href=\"https:\/\/news.google.com\/rss\/articles\/CBMickFVX3lxTE9NUTFzQmZ5bWYwV2lsM3cwdXRocWJMd3JMSEQ4VVhfS0dXVFJTbHNFT1M5UEpaaHMyLVBINERtdXkzS2FERTR2cnE2U2diZ05yQTJIZkpIa01sT19SbFRvb1B3TVVFUW1qNG9uQVlCa0FBQQ?oc=5\" target=\"_blank\" rel=\"nofollow noopener\">G\u00e4ngledaren Eddie Jobe h\u00e4ktas efter utl\u00e4mningen<\/a>&nbsp;&nbsp;Omni<\/li>\n<\/ol>\n","protected":false},"excerpt":{"rendered":"Mordmisst\u00e4nkt utl\u00e4mnad till Sverige och h\u00e4ktad&nbsp;&nbsp;V\u00e4sterbottens-Kuriren Mordmisst\u00e4nkt man utl\u00e4mnad till Sverige \u2013 h\u00e4ktad&nbsp;&nbsp;SVT Nyheter Eddie Jobe h\u00e4ktas f\u00f6r&hellip;\n","protected":false},"author":2,"featured_media":122837,"comment_status":"","ping_status":"","sticky":false,"template":"","format":"standard","meta":{"footnotes":""},"categories":[12],"tags":[22,23,26,27,17,21,24,25,28,29,15,16,18,34,31,33,32,30,19,20],"class_list":{"0":"post-122836","1":"post","2":"type-post","3":"status-publish","4":"format-standard","5":"has-post-thumbnail","7":"category-sverige","8":"tag-breaking-news","9":"tag-breakingnews","10":"tag-featured-news","11":"tag-featurednews","12":"tag-headlines","13":"tag-huvudnyheter","14":"tag-latest-news","15":"tag-latestnews","16":"tag-main-news","17":"tag-mainnews","18":"tag-news","19":"tag-nyheter","20":"tag-rubriker","21":"tag-se","22":"tag-svenska","23":"tag-sverige","24":"tag-sweden","25":"tag-swedish","26":"tag-top-stories","27":"tag-topstories"},"share_on_mastodon":{"url":"https:\/\/pubeurope.com\/@se\/115821336557780782","error":""},"_links":{"self":[{"href":"https:\/\/www.europesays.com\/se\/wp-json\/wp\/v2\/posts\/122836","targetHints":{"allow":["GET"]}}],"collection":[{"href":"https:\/\/www.europesays.com\/se\/wp-json\/wp\/v2\/posts"}],"about":[{"href":"https:\/\/www.europesays.com\/se\/wp-json\/wp\/v2\/types\/post"}],"author":[{"embeddable":true,"href":"https:\/\/www.europesays.com\/se\/wp-json\/wp\/v2\/users\/2"}],"replies":[{"embeddable":true,"href":"https:\/\/www.europesays.com\/se\/wp-json\/wp\/v2\/comments?post=122836"}],"version-history":[{"count":0,"href":"https:\/\/www.europesays.com\/se\/wp-json\/wp\/v2\/posts\/122836\/revisions"}],"wp:featuredmedia":[{"embeddable":true,"href":"https:\/\/www.europesays.com\/se\/wp-json\/wp\/v2\/media\/122837"}],"wp:attachment":[{"href":"https:\/\/www.europesays.com\/se\/wp-json\/wp\/v2\/media?parent=122836"}],"wp:term":[{"taxonomy":"category","embeddable":true,"href":"https:\/\/www.europesays.com\/se\/wp-json\/wp\/v2\/categories?post=122836"},{"taxonomy":"post_tag","embeddable":true,"href":"https:\/\/www.europesays.com\/se\/wp-json\/wp\/v2\/tags?post=122836"}],"curies":[{"name":"wp","href":"https:\/\/api.w.org\/{rel}","templated":true}]}}