{"id":122842,"date":"2026-01-01T18:57:11","date_gmt":"2026-01-01T18:57:11","guid":{"rendered":"https:\/\/www.europesays.com\/se\/122842\/"},"modified":"2026-01-01T18:57:11","modified_gmt":"2026-01-01T18:57:11","slug":"tusentals-stromlosa-efter-kaosstormen-annas-intag","status":"publish","type":"post","link":"https:\/\/www.europesays.com\/se\/122842\/","title":{"rendered":"Tusentals str\u00f6ml\u00f6sa efter kaosstormen Annas int\u00e5g"},"content":{"rendered":"<p>Publicerad 1 jan 2026 kl 16.44Uppdaterad kl 18.59<\/p>\n<p>Stormen Anna har tagit sig grepp \u00f6ver Sverige.<\/p>\n<p>I princip halva Sverige drabbas under ny\u00e5rsdagen av stormens framfart.<\/p>\n<p>Tusentals har blivit str\u00f6ml\u00f6sa efter ov\u00e4dret.<\/p>\n<p>Senaste nyhetsklippen fr\u00e5n Expressen.<img   alt=\"\"\/><\/p>\n<p>Stormen Anna har dragit in \u00f6ver Sverige.<\/p>\n<p>Foto: Mats Schagestr\u00f6m\/TT \/ TT NYHETSBYR\u00c5N<\/p>\n<p>\u00d6ppna bild i helsk\u00e4rm<\/p>\n<p>Under ny\u00e5rsdagen har stormen Anna p\u00e5 riktigt n\u00e5tt Sverige. Halva Sverige omfattas av olika v\u00e4dervarningar. Som en f\u00f6ljd \u00e4r tusentals hush\u00e5ll utan str\u00f6m.<\/p>\n<p>Allra v\u00e4rst drabbas kusten l\u00e4ngs <a href=\"https:\/\/www.expressen.se\/tagg\/location\/gavleborg\/\" class=\"\" rel=\"nofollow noopener\" target=\"_blank\">G\u00e4vleborg<\/a> d\u00e4r det utf\u00e4rdats en r\u00f6d varning.<\/p>\n<p>\u2013 Jag kan inte nog betona att en r\u00f6d varning inneb\u00e4r fara f\u00f6r m\u00e4nniskors s\u00e4kerhet, s\u00e4ger Veronika Gustafsson, presskommunikat\u00f6r p\u00e5 Trafikverket.<\/p>\n<p>I G\u00e4vleborgs l\u00e4n har cirka 2 500 hush\u00e5ll str\u00f6mavbrott, enligt Ellevio. Under dagen ska \u00f6ver 6 000 varit drabbade och fr\u00e4mst Bolln\u00e4s d\u00e4r drygt 2 500 blev utan el.<\/p>\n<p>Kan inte lyfta med helikoptrar<\/p>\n<p>Ellevio meddelar p\u00e5 sin hemsida att reparationsarbete p\u00e5g\u00e5r under dagen, men ocks\u00e5 att v\u00e4derf\u00f6rh\u00e5llandena f\u00f6rsv\u00e5rar arbetet.<\/p>\n<p>\u201dUnder natten har mer material transporterats hit samtidigt som ytterligare 20 mont\u00f6rer anl\u00e4nder under dagen. P\u00e5 grund av sn\u00f6ov\u00e4dret kan inte helikoptrarna flyga i dag\u201d, skriver Ellevio.<\/p>\n<p>\u2013 Ungef\u00e4r 2 000 har varit utan str\u00f6m sedan i l\u00f6rdags. Det \u00e4r oerh\u00f6rt tuffa f\u00f6ruts\u00e4ttningar, s\u00e4ger Ellevios presschef Jesper Liver\u00f6d till TT.<\/p>\n<p>Till <a href=\"https:\/\/www.sverigesradio.se\/artikel\/elbolaget-kan-droja-en-vecka-innan-strommen-ar-tillbaka\" rel=\"nofollow noopener\" target=\"_blank\">Sveriges Radio <\/a>s\u00e4ger Jesper Liver\u00f6d att det kan ta upp till en vecka innan de sista kunderna f\u00e5tt tillbaka str\u00f6mmen.\u00a0<\/p>\n<p>\u2013 Det \u00e4r inget roligt besked att ge. Det finns fortfarande v\u00e4ldigt mycket kvar att g\u00f6ra, s\u00e4ger han till radion.\u00a0<\/p>\n<p>Samtidigt rapporterar elleverant\u00f6ren Eon att cirka 700 ska vara drabbade i de omr\u00e5den stormen h\u00e4rjar.<\/p>\n<p>Bolaget skriver i ett pressmeddelande att reparationsarbete p\u00e5g\u00e5r f\u00f6r fullt och att arbetet \u00e4ven \u00e4r riskfyllt, d\u00e4r de prioriterar sin personals s\u00e4kerhet.<\/p>\n<p>Spr\u00e4nger bort tr\u00e4d<\/p>\n<p>\u201dVi hanterar tusentals nedfallna tr\u00e4d som blockerar v\u00e4gar och ledningar, och f\u00f6r att ta bort dem p\u00e5 ett s\u00e4kert s\u00e4tt kr\u00e4vs ibland spr\u00e4ngning\u201d, skriver Eon.<\/p>\n<p>All busstrafik i H\u00e4lsingland har st\u00e4llts in under torsdagen p\u00e5 grund av v\u00e4dervarningarna, skriver<a href=\"https:\/\/www.ljusnan.se\/2025-12-29\/hang-med-i-ljusnans-liveflode-NMmsU\/\" rel=\"nofollow noopener\" target=\"_blank\"> Ljusnan<\/a>.<\/p>\n<p>Hudiksvalls kommun har \u00e4ven aktiverat beredskapsl\u00e4ge p\u00e5 grund av stormen, enligt <a href=\"https:\/\/www.ht.se\/2025-12-29\/hang-med-i-hts-liveflode-0jEsT\/\" rel=\"nofollow noopener\" target=\"_blank\">Hudiksvalls Tidning<\/a>. R\u00e4ddningstj\u00e4nsten har tagit in extra personal i kommunen som ska bemanna bandvagnar.\u00a0<\/p>\n<p>I Uppland st\u00e5r bandvagnar redo rapporterar <a href=\"https:\/\/www.sverigesradio.se\/artikel\/lansstyrelsen-laget-stabilt-i-uppsala-lan\" rel=\"nofollow noopener\" target=\"_blank\">P4 Uppland<\/a>. Regionen s\u00e4ger \u00e4ven till radion att det finns tillg\u00e4ngliga v\u00e5rdplatser om det skulle beh\u00f6vas.<\/p>\n<p>SMHI:s varningar<\/p>\n<p> <strong>R\u00f6d varning<\/strong> f\u00f6r sn\u00f6fall och vind i delar av <strong>G\u00e4vleborgs l\u00e4n<\/strong>, strax innanf\u00f6r kusten. 4-6 decimeter sn\u00f6 kan falla under torsdagsdygnet och det kommer bl\u00e5sa kraftigt. Varningen b\u00f6rjar klockan 15 p\u00e5 ny\u00e5rsdagen och slutar kl 07 den 2 januari.<\/p>\n<p> <strong>Orange varning<\/strong> f\u00f6r sn\u00f6fall och vind i sydostligaste <strong>V\u00e4sternorrlands l\u00e4n <\/strong>och stora delar av <strong>G\u00e4vleborgs l\u00e4n<\/strong>. 2-4 decimeter sn\u00f6 v\u00e4ntas. Varningen b\u00f6rjar klockan 11 den 1 januari till klockan 10 den 2 januari.<\/p>\n<p> <strong>Orange varning<\/strong> f\u00f6r sn\u00f6fall och vind i <strong>s\u00f6dra G\u00e4strikland<\/strong> och <strong>norra Uppland<\/strong>. \u00c4ven d\u00e4r v\u00e4ntas 2-4 decimeter sn\u00f6. \u00a0Varningen b\u00f6rjar klockan 11 den 1 januari till 2 januari klockan 21.<\/p>\n<p> <strong>Gul varning<\/strong> f\u00f6r sn\u00f6 och vind i s\u00f6dra <strong>V\u00e4sternorrlands l\u00e4n<\/strong>. G\u00e4ller fr\u00e5n 1 januari klockan 03 till och med klockan 19.\u00a0<\/p>\n<p> <strong>Gul varning<\/strong> f\u00f6r sn\u00f6fall i stora delar av<strong> Svealand <\/strong>och <strong>sydligaste Norrland. <\/strong>Lokalt upp mot 15 centimeter sn\u00f6. B\u00f6rjar g\u00e4lla 1 januari klockan 03 och str\u00e4cker sig till klockan 23.<\/p>\n<p> <strong>Gul varning f\u00f6r sn\u00f6fall<\/strong> och vind i <strong>nord\u00f6stra Svealand<\/strong>, fr\u00e5n 05 p\u00e5 ny\u00e5rsdagen till 21 p\u00e5 fredag 2 januari.\u00a0<\/p>\n<p> <strong>Gul varning<\/strong> f\u00f6r stora delar av <strong>s\u00f6dra Svealand <\/strong>fr\u00e5n klockan 03 1 januari till klockan 15. Lokalt upp mot 15 centimeter sn\u00f6.\u00a0<\/p>\n<p> <strong>Gul varning<\/strong> f\u00f6r sn\u00f6fall i delar av mellersta och <strong>s\u00f6dra G\u00f6taland<\/strong> fr\u00e5n och med klockan 1 januari 18.00 till 2 januari klockan 08. G\u00e4ller stora delar av <strong>Hallands, J\u00f6nk\u00f6pings, Kronobergs<\/strong> och <strong>Kalmar l\u00e4n<\/strong>.<\/p>\n<p> <strong>Gul varning<\/strong> f\u00f6r sn\u00f6fall och vind i <strong>ostligaste Svealand<\/strong>. Kraftigt sn\u00f6fall v\u00e4ntas, p\u00e5 eftermiddagen eventuellt lite regn. B\u00f6rjar g\u00e4lla 05.00 p\u00e5 ny\u00e5rsdagen och slutar g\u00e4lla 14.00.<\/p>\n<p> <strong>Gul varning <\/strong>f\u00f6r pl\u00f6tslig ishalka i stora delar av <strong>G\u00f6taland<\/strong> och <strong>sydv\u00e4stligaste Svealand<\/strong>. Regn faller p\u00e5 kalla v\u00e4gar och g\u00f6r det halt. B\u00f6rjar g\u00e4lla 1 januari klockan 02, g\u00e4ller fram till 15\u00a0<\/p>\n<p>Visa mer<\/p>\n","protected":false},"excerpt":{"rendered":"Publicerad 1 jan 2026 kl 16.44Uppdaterad kl 18.59 Stormen Anna har tagit sig grepp \u00f6ver Sverige. I princip&hellip;\n","protected":false},"author":2,"featured_media":122843,"comment_status":"","ping_status":"","sticky":false,"template":"","format":"standard","meta":{"footnotes":""},"categories":[12],"tags":[22,23,26,27,17,21,24,25,12948,28,29,15,16,18,34,154,31,33,32,30,19,290,20],"class_list":{"0":"post-122842","1":"post","2":"type-post","3":"status-publish","4":"format-standard","5":"has-post-thumbnail","7":"category-sverige","8":"tag-breaking-news","9":"tag-breakingnews","10":"tag-featured-news","11":"tag-featurednews","12":"tag-headlines","13":"tag-huvudnyheter","14":"tag-latest-news","15":"tag-latestnews","16":"tag-location-gavleborg","17":"tag-main-news","18":"tag-mainnews","19":"tag-news","20":"tag-nyheter","21":"tag-rubriker","22":"tag-se","23":"tag-sections-sverige","24":"tag-svenska","25":"tag-sverige","26":"tag-sweden","27":"tag-swedish","28":"tag-top-stories","29":"tag-topic-vaderprognos","30":"tag-topstories"},"share_on_mastodon":{"url":"https:\/\/pubeurope.com\/@se\/115821375876441385","error":""},"_links":{"self":[{"href":"https:\/\/www.europesays.com\/se\/wp-json\/wp\/v2\/posts\/122842","targetHints":{"allow":["GET"]}}],"collection":[{"href":"https:\/\/www.europesays.com\/se\/wp-json\/wp\/v2\/posts"}],"about":[{"href":"https:\/\/www.europesays.com\/se\/wp-json\/wp\/v2\/types\/post"}],"author":[{"embeddable":true,"href":"https:\/\/www.europesays.com\/se\/wp-json\/wp\/v2\/users\/2"}],"replies":[{"embeddable":true,"href":"https:\/\/www.europesays.com\/se\/wp-json\/wp\/v2\/comments?post=122842"}],"version-history":[{"count":0,"href":"https:\/\/www.europesays.com\/se\/wp-json\/wp\/v2\/posts\/122842\/revisions"}],"wp:featuredmedia":[{"embeddable":true,"href":"https:\/\/www.europesays.com\/se\/wp-json\/wp\/v2\/media\/122843"}],"wp:attachment":[{"href":"https:\/\/www.europesays.com\/se\/wp-json\/wp\/v2\/media?parent=122842"}],"wp:term":[{"taxonomy":"category","embeddable":true,"href":"https:\/\/www.europesays.com\/se\/wp-json\/wp\/v2\/categories?post=122842"},{"taxonomy":"post_tag","embeddable":true,"href":"https:\/\/www.europesays.com\/se\/wp-json\/wp\/v2\/tags?post=122842"}],"curies":[{"name":"wp","href":"https:\/\/api.w.org\/{rel}","templated":true}]}}