{"id":122847,"date":"2026-01-01T19:06:12","date_gmt":"2026-01-01T19:06:12","guid":{"rendered":"https:\/\/www.europesays.com\/se\/122847\/"},"modified":"2026-01-01T19:06:12","modified_gmt":"2026-01-01T19:06:12","slug":"arets-forsta-bleking-ar-fodd-okning-av-antalet-barn-2025-blekinge-lans-tidning","status":"publish","type":"post","link":"https:\/\/www.europesays.com\/se\/122847\/","title":{"rendered":"\u00c5rets f\u00f6rsta bleking \u00e4r f\u00f6dd \u2013 \u00f6kning av antalet barn 2025 \u2013 Blekinge L\u00e4ns Tidning"},"content":{"rendered":"<p>Tv\u00e5 bebisar f\u00f6ddes under kv\u00e4llen p\u00e5 ny\u00e5rsaftonen 2025. Fast med god marginal till tolvslaget. <\/p>\n<p>\u00c5rets f\u00f6rstf\u00f6dda kom vid lunchtid p\u00e5 ny\u00e5rsdagen 2026. <\/p>\n<p>F\u00f6rlossningen i Karlskrona har sett en \u00f6kning i antalet barn under 2025. <\/p>\n<p><img loading=\"lazy\" decoding=\"async\" width=\"980\" height=\"551\" class=\"article-image article-image--featured\" alt=\"Flera nya blekingar har f\u00f6tts p\u00e5 f\u00f6rlossningen i Karlskrona under ny\u00e5rshelgen. Alla h\u00f6ll sig med god marginal till tolvslaget. (Arkivbild)\" src=\"https:\/\/www.europesays.com\/se\/wp-content\/uploads\/2026\/01\/11e6d147-c293-46f2-8d02-8721a90827ea.jpeg\"  \/><a class=\"article__lightbox-link\" href=\"https:\/\/static.bonniernews.se\/ba\/11e6d147-c293-46f2-8d02-8721a90827ea.jpeg?crop=4080%2C2295%2Cx0%2Cy97&amp;width=1400&amp;format=pjpg&amp;auto=avif\" data-pswp-width=\"1400\" data-pswp-height=\"788\" data-pswp-caption=\"Flera nya blekingar har f\u00f6tts p\u00e5 f\u00f6rlossningen i Karlskrona under ny\u00e5rshelgen. Alla h\u00f6ll sig med god marginal till tolvslaget. (Arkivbild) Bild: NILS JAKOBSSON\" data-pswp- rel=\"nofollow noopener\" target=\"_blank\">\u00d6ppna bild i helsk\u00e4rmsl\u00e4ge<\/a><\/p>\n<p class=\"txt-style-muted\" aria-hidden=\"true\">Flera nya blekingar har f\u00f6tts p\u00e5 f\u00f6rlossningen i Karlskrona under ny\u00e5rshelgen. Alla h\u00f6ll sig med god marginal till tolvslaget. (Arkivbild)<\/p>\n<p class=\"article__figcaption-attribution txt-style-muted\">Bild: NILS JAKOBSSON<\/p>\n","protected":false},"excerpt":{"rendered":"Tv\u00e5 bebisar f\u00f6ddes under kv\u00e4llen p\u00e5 ny\u00e5rsaftonen 2025. Fast med god marginal till tolvslaget. \u00c5rets f\u00f6rstf\u00f6dda kom vid&hellip;\n","protected":false},"author":2,"featured_media":122848,"comment_status":"","ping_status":"","sticky":false,"template":"","format":"standard","meta":{"footnotes":""},"categories":[5],"tags":[22,23,26,27,17,21,24,25,28,29,15,16,18,34,31,33,32,30,19,20],"class_list":{"0":"post-122847","1":"post","2":"type-post","3":"status-publish","4":"format-standard","5":"has-post-thumbnail","7":"category-rubriker","8":"tag-breaking-news","9":"tag-breakingnews","10":"tag-featured-news","11":"tag-featurednews","12":"tag-headlines","13":"tag-huvudnyheter","14":"tag-latest-news","15":"tag-latestnews","16":"tag-main-news","17":"tag-mainnews","18":"tag-news","19":"tag-nyheter","20":"tag-rubriker","21":"tag-se","22":"tag-svenska","23":"tag-sverige","24":"tag-sweden","25":"tag-swedish","26":"tag-top-stories","27":"tag-topstories"},"share_on_mastodon":{"url":"https:\/\/pubeurope.com\/@se\/115821411220742991","error":""},"_links":{"self":[{"href":"https:\/\/www.europesays.com\/se\/wp-json\/wp\/v2\/posts\/122847","targetHints":{"allow":["GET"]}}],"collection":[{"href":"https:\/\/www.europesays.com\/se\/wp-json\/wp\/v2\/posts"}],"about":[{"href":"https:\/\/www.europesays.com\/se\/wp-json\/wp\/v2\/types\/post"}],"author":[{"embeddable":true,"href":"https:\/\/www.europesays.com\/se\/wp-json\/wp\/v2\/users\/2"}],"replies":[{"embeddable":true,"href":"https:\/\/www.europesays.com\/se\/wp-json\/wp\/v2\/comments?post=122847"}],"version-history":[{"count":0,"href":"https:\/\/www.europesays.com\/se\/wp-json\/wp\/v2\/posts\/122847\/revisions"}],"wp:featuredmedia":[{"embeddable":true,"href":"https:\/\/www.europesays.com\/se\/wp-json\/wp\/v2\/media\/122848"}],"wp:attachment":[{"href":"https:\/\/www.europesays.com\/se\/wp-json\/wp\/v2\/media?parent=122847"}],"wp:term":[{"taxonomy":"category","embeddable":true,"href":"https:\/\/www.europesays.com\/se\/wp-json\/wp\/v2\/categories?post=122847"},{"taxonomy":"post_tag","embeddable":true,"href":"https:\/\/www.europesays.com\/se\/wp-json\/wp\/v2\/tags?post=122847"}],"curies":[{"name":"wp","href":"https:\/\/api.w.org\/{rel}","templated":true}]}}